{"id":3641,"date":"2016-09-24T18:12:41","date_gmt":"2016-09-24T16:12:41","guid":{"rendered":"http:\/\/blog.maquetea.com\/?p=3641"},"modified":"2016-09-24T18:12:41","modified_gmt":"2016-09-24T16:12:41","slug":"lotus-78-madom-tamiya-120-xiii","status":"publish","type":"post","link":"http:\/\/blog.maquetea.com\/?p=3641","title":{"rendered":"Lotus 78 \u201cMADOM\u201d \u2013 Tamiya 1\/20 (XIII)"},"content":{"rendered":"<p style=\"text-align: justify;\">Seguimos con el Lotus 78.<\/p>\n<p style=\"text-align: justify;\">Os muestro el blister del piloto del Lotus 79, del cual tomar\u00e9 solo la cabeza, para vaciarla y hacer el casco de Emilio de Villota:<\/p>\n<p><a href=\"http:\/\/blog.maquetea.com\/wp-content\/uploads\/2016\/09\/L78-13-0.jpg\"><img loading=\"lazy\" decoding=\"async\" class=\"aligncenter size-full wp-image-3666\" src=\"http:\/\/blog.maquetea.com\/wp-content\/uploads\/2016\/09\/L78-13-0.jpg\" alt=\"l78-13-0\" width=\"850\" height=\"478\" srcset=\"http:\/\/blog.maquetea.com\/wp-content\/uploads\/2016\/09\/L78-13-0.jpg 850w, http:\/\/blog.maquetea.com\/wp-content\/uploads\/2016\/09\/L78-13-0-300x169.jpg 300w\" sizes=\"(max-width: 850px) 100vw, 850px\" \/><\/a><\/p>\n<p><a href=\"http:\/\/blog.maquetea.com\/wp-content\/uploads\/2016\/09\/L78-13-1.jpg\"><img loading=\"lazy\" decoding=\"async\" class=\"aligncenter size-full wp-image-3667\" src=\"http:\/\/blog.maquetea.com\/wp-content\/uploads\/2016\/09\/L78-13-1.jpg\" alt=\"l78-13-1\" width=\"850\" height=\"478\" srcset=\"http:\/\/blog.maquetea.com\/wp-content\/uploads\/2016\/09\/L78-13-1.jpg 850w, http:\/\/blog.maquetea.com\/wp-content\/uploads\/2016\/09\/L78-13-1-300x169.jpg 300w\" sizes=\"(max-width: 850px) 100vw, 850px\" \/><\/a><\/p>\n<p style=\"text-align: justify;\">Las piezas del eje delantero, ya pintadas de negro semimate de Tamiya X-18, y los muelles de la suspensi\u00f3n de color titanium Gold de Zero:<\/p>\n<p><a href=\"http:\/\/blog.maquetea.com\/wp-content\/uploads\/2016\/09\/L78-13-2.jpg\"><img loading=\"lazy\" decoding=\"async\" class=\"aligncenter size-full wp-image-3668\" src=\"http:\/\/blog.maquetea.com\/wp-content\/uploads\/2016\/09\/L78-13-2.jpg\" alt=\"l78-13-2\" width=\"850\" height=\"478\" srcset=\"http:\/\/blog.maquetea.com\/wp-content\/uploads\/2016\/09\/L78-13-2.jpg 850w, http:\/\/blog.maquetea.com\/wp-content\/uploads\/2016\/09\/L78-13-2-300x169.jpg 300w\" sizes=\"(max-width: 850px) 100vw, 850px\" \/><\/a><\/p>\n<p style=\"text-align: justify;\">Una vez secos, enmascaramos las bases de los tri\u00e1ngulos inferiores, y pintamos con Aluminio Semimate de Alclad:<\/p>\n<p><a href=\"http:\/\/blog.maquetea.com\/wp-content\/uploads\/2016\/09\/L78-13-8.jpg\"><img loading=\"lazy\" decoding=\"async\" class=\"aligncenter size-full wp-image-3671\" src=\"http:\/\/blog.maquetea.com\/wp-content\/uploads\/2016\/09\/L78-13-8.jpg\" alt=\"l78-13-8\" width=\"850\" height=\"478\" srcset=\"http:\/\/blog.maquetea.com\/wp-content\/uploads\/2016\/09\/L78-13-8.jpg 850w, http:\/\/blog.maquetea.com\/wp-content\/uploads\/2016\/09\/L78-13-8-300x169.jpg 300w\" sizes=\"(max-width: 850px) 100vw, 850px\" \/><\/a><\/p>\n<p>Y despu\u00e9s le ponemos los tornillos en los ejes de los tri\u00e1ngulos:<\/p>\n<p style=\"text-align: justify;\"><img loading=\"lazy\" decoding=\"async\" class=\"aligncenter size-full wp-image-3672\" src=\"http:\/\/blog.maquetea.com\/wp-content\/uploads\/2016\/09\/L78-13-9.jpg\" alt=\"l78-13-9\" width=\"850\" height=\"478\" srcset=\"http:\/\/blog.maquetea.com\/wp-content\/uploads\/2016\/09\/L78-13-9.jpg 850w, http:\/\/blog.maquetea.com\/wp-content\/uploads\/2016\/09\/L78-13-9-300x169.jpg 300w\" sizes=\"(max-width: 850px) 100vw, 850px\" \/>Montamos el cockpit, con el volante y el conjunto del cambio de marchas. Al volante le he puesto tres remaches y un interruptor en el centro. Por debajo del cambio vemos el cable del acelerador:<\/p>\n<p><a href=\"http:\/\/blog.maquetea.com\/wp-content\/uploads\/2016\/09\/L78-13-13.jpg\"><img loading=\"lazy\" decoding=\"async\" class=\"aligncenter size-full wp-image-3674\" src=\"http:\/\/blog.maquetea.com\/wp-content\/uploads\/2016\/09\/L78-13-13.jpg\" alt=\"l78-13-13\" width=\"850\" height=\"478\" srcset=\"http:\/\/blog.maquetea.com\/wp-content\/uploads\/2016\/09\/L78-13-13.jpg 850w, http:\/\/blog.maquetea.com\/wp-content\/uploads\/2016\/09\/L78-13-13-300x169.jpg 300w\" sizes=\"(max-width: 850px) 100vw, 850px\" \/><\/a><\/p>\n<p style=\"text-align: justify;\">Otra pieza peque\u00f1a que he realizado: la barra que atraviesa el motor por su parte superior, entre las tomas de aire y que sirve para abrir o cerrar las entradas de gasolina:<\/p>\n<p><a href=\"http:\/\/blog.maquetea.com\/wp-content\/uploads\/2016\/09\/L78-13-17.jpg\"><img loading=\"lazy\" decoding=\"async\" class=\"aligncenter size-full wp-image-3677\" src=\"http:\/\/blog.maquetea.com\/wp-content\/uploads\/2016\/09\/L78-13-17.jpg\" alt=\"l78-13-17\" width=\"850\" height=\"478\" srcset=\"http:\/\/blog.maquetea.com\/wp-content\/uploads\/2016\/09\/L78-13-17.jpg 850w, http:\/\/blog.maquetea.com\/wp-content\/uploads\/2016\/09\/L78-13-17-300x169.jpg 300w\" sizes=\"(max-width: 850px) 100vw, 850px\" \/><\/a><\/p>\n<p style=\"text-align: justify;\">Y pasamos al aler\u00f3n trasero. Le realizo dos agujeros a los planos verticales, y paso una barra redonda de Evergreen. Esta servir\u00e1 para sujetar el aler\u00f3n durante la fase de pintura, y una vez listo, lo cortar\u00e9 dejando unos milimetros, que ir\u00e1n dentro del tubo met\u00e1lico que lo sujeta a la caja de cambios, el cual se ve a la izquierda de la foto:<\/p>\n<p><a href=\"http:\/\/blog.maquetea.com\/wp-content\/uploads\/2016\/09\/L78-13-5.jpg\"><img loading=\"lazy\" decoding=\"async\" class=\"aligncenter size-full wp-image-3669\" src=\"http:\/\/blog.maquetea.com\/wp-content\/uploads\/2016\/09\/L78-13-5.jpg\" alt=\"l78-13-5\" width=\"850\" height=\"478\" srcset=\"http:\/\/blog.maquetea.com\/wp-content\/uploads\/2016\/09\/L78-13-5.jpg 850w, http:\/\/blog.maquetea.com\/wp-content\/uploads\/2016\/09\/L78-13-5-300x169.jpg 300w\" sizes=\"(max-width: 850px) 100vw, 850px\" \/><\/a><\/p>\n<p style=\"text-align: justify;\">Lo montamos y lo pegamos con el pegamento extra l\u00edquido de Tamiya, pasando el pincel por la uni\u00f3n de las piezas. Ponemos el tubo original, como medida entre los planos:<\/p>\n<p><a href=\"http:\/\/blog.maquetea.com\/wp-content\/uploads\/2016\/09\/L78-13-6.jpg\"><img loading=\"lazy\" decoding=\"async\" class=\"aligncenter size-full wp-image-3670\" src=\"http:\/\/blog.maquetea.com\/wp-content\/uploads\/2016\/09\/L78-13-6.jpg\" alt=\"l78-13-6\" width=\"850\" height=\"478\" srcset=\"http:\/\/blog.maquetea.com\/wp-content\/uploads\/2016\/09\/L78-13-6.jpg 850w, http:\/\/blog.maquetea.com\/wp-content\/uploads\/2016\/09\/L78-13-6-300x169.jpg 300w\" sizes=\"(max-width: 850px) 100vw, 850px\" \/><\/a><\/p>\n<p style=\"text-align: justify;\">Una vez seco, eliminamos los extremos que sobresalen, y mediante otros agujeros realizados a la altura del plano horizontal del aler\u00f3n, pegamos m\u00e1s v\u00e1stagos de pl\u00e1stico. Con estos, haremos el \u00a0aler\u00f3n m\u00e1s solido:<\/p>\n<p><a href=\"http:\/\/blog.maquetea.com\/wp-content\/uploads\/2016\/09\/L78-13-10.jpg\"><img loading=\"lazy\" decoding=\"async\" class=\"aligncenter size-full wp-image-3673\" src=\"http:\/\/blog.maquetea.com\/wp-content\/uploads\/2016\/09\/L78-13-10.jpg\" alt=\"l78-13-10\" width=\"850\" height=\"478\" srcset=\"http:\/\/blog.maquetea.com\/wp-content\/uploads\/2016\/09\/L78-13-10.jpg 850w, http:\/\/blog.maquetea.com\/wp-content\/uploads\/2016\/09\/L78-13-10-300x169.jpg 300w\" sizes=\"(max-width: 850px) 100vw, 850px\" \/><\/a><\/p>\n<p style=\"text-align: justify;\">Cortamos y lijamos:<\/p>\n<p><a href=\"http:\/\/blog.maquetea.com\/wp-content\/uploads\/2016\/09\/L78-13-15.jpg\"><img loading=\"lazy\" decoding=\"async\" class=\"aligncenter size-full wp-image-3675\" src=\"http:\/\/blog.maquetea.com\/wp-content\/uploads\/2016\/09\/L78-13-15.jpg\" alt=\"l78-13-15\" width=\"850\" height=\"478\" srcset=\"http:\/\/blog.maquetea.com\/wp-content\/uploads\/2016\/09\/L78-13-15.jpg 850w, http:\/\/blog.maquetea.com\/wp-content\/uploads\/2016\/09\/L78-13-15-300x169.jpg 300w\" sizes=\"(max-width: 850px) 100vw, 850px\" \/><\/a><\/p>\n<p style=\"text-align: justify;\">No importa si se ven los agujeros superiores, pues ir\u00e1n unos remaches despu\u00e9s del lacado:<\/p>\n<p><a href=\"http:\/\/blog.maquetea.com\/wp-content\/uploads\/2016\/09\/L78-13-16.jpg\"><img loading=\"lazy\" decoding=\"async\" class=\"aligncenter size-full wp-image-3676\" src=\"http:\/\/blog.maquetea.com\/wp-content\/uploads\/2016\/09\/L78-13-16.jpg\" alt=\"l78-13-16\" width=\"850\" height=\"478\" srcset=\"http:\/\/blog.maquetea.com\/wp-content\/uploads\/2016\/09\/L78-13-16.jpg 850w, http:\/\/blog.maquetea.com\/wp-content\/uploads\/2016\/09\/L78-13-16-300x169.jpg 300w\" sizes=\"(max-width: 850px) 100vw, 850px\" \/><\/a><\/p>\n<p>Y ya est\u00e1 imprimado, despu\u00e9s de lijas y masillas&#8230;<\/p>\n<p><a href=\"http:\/\/blog.maquetea.com\/wp-content\/uploads\/2016\/09\/L78-13-19.jpg\"><img loading=\"lazy\" decoding=\"async\" class=\"aligncenter size-full wp-image-3679\" src=\"http:\/\/blog.maquetea.com\/wp-content\/uploads\/2016\/09\/L78-13-19.jpg\" alt=\"l78-13-19\" width=\"850\" height=\"478\" srcset=\"http:\/\/blog.maquetea.com\/wp-content\/uploads\/2016\/09\/L78-13-19.jpg 850w, http:\/\/blog.maquetea.com\/wp-content\/uploads\/2016\/09\/L78-13-19-300x169.jpg 300w\" sizes=\"(max-width: 850px) 100vw, 850px\" \/><\/a><\/p>\n<p style=\"text-align: justify;\">Y todo listo para la pintura con la pintura prevista en un principio:<\/p>\n<p><a href=\"http:\/\/blog.maquetea.com\/wp-content\/uploads\/2016\/09\/L78-13-18.jpg\"><img loading=\"lazy\" decoding=\"async\" class=\"aligncenter size-full wp-image-3678\" src=\"http:\/\/blog.maquetea.com\/wp-content\/uploads\/2016\/09\/L78-13-18.jpg\" alt=\"l78-13-18\" width=\"850\" height=\"478\" srcset=\"http:\/\/blog.maquetea.com\/wp-content\/uploads\/2016\/09\/L78-13-18.jpg 850w, http:\/\/blog.maquetea.com\/wp-content\/uploads\/2016\/09\/L78-13-18-300x169.jpg 300w\" sizes=\"(max-width: 850px) 100vw, 850px\" \/><\/a><\/p>\n<p style=\"text-align: justify;\">Y digo prevista porque hablando con el propio Emilio, me coment\u00f3 que ese color no era. El color de Madom era m\u00e1s huevo, por lo que lo mezcl\u00e9 con el Camel, en relaci\u00f3n 4 parte de Giallo y 1 de Camel:<\/p>\n<p><a href=\"http:\/\/blog.maquetea.com\/wp-content\/uploads\/2016\/09\/L78-13-28.jpg\"><img loading=\"lazy\" decoding=\"async\" class=\"aligncenter size-full wp-image-3688\" src=\"http:\/\/blog.maquetea.com\/wp-content\/uploads\/2016\/09\/L78-13-28.jpg\" alt=\"l78-13-28\" width=\"850\" height=\"478\" srcset=\"http:\/\/blog.maquetea.com\/wp-content\/uploads\/2016\/09\/L78-13-28.jpg 850w, http:\/\/blog.maquetea.com\/wp-content\/uploads\/2016\/09\/L78-13-28-300x169.jpg 300w\" sizes=\"(max-width: 850px) 100vw, 850px\" \/><\/a><\/p>\n<p>Y aqu\u00ed el resultado: dos capas una detr\u00e1s de la otra:<\/p>\n<p><a href=\"http:\/\/blog.maquetea.com\/wp-content\/uploads\/2016\/09\/L78-13-20.jpg\"><img loading=\"lazy\" decoding=\"async\" class=\"aligncenter size-full wp-image-3680\" src=\"http:\/\/blog.maquetea.com\/wp-content\/uploads\/2016\/09\/L78-13-20.jpg\" alt=\"l78-13-20\" width=\"850\" height=\"478\" srcset=\"http:\/\/blog.maquetea.com\/wp-content\/uploads\/2016\/09\/L78-13-20.jpg 850w, http:\/\/blog.maquetea.com\/wp-content\/uploads\/2016\/09\/L78-13-20-300x169.jpg 300w\" sizes=\"(max-width: 850px) 100vw, 850px\" \/><\/a><\/p>\n<p><a href=\"http:\/\/blog.maquetea.com\/wp-content\/uploads\/2016\/09\/L78-13-21.jpg\"><img loading=\"lazy\" decoding=\"async\" class=\"aligncenter size-full wp-image-3681\" src=\"http:\/\/blog.maquetea.com\/wp-content\/uploads\/2016\/09\/L78-13-21.jpg\" alt=\"l78-13-21\" width=\"850\" height=\"478\" srcset=\"http:\/\/blog.maquetea.com\/wp-content\/uploads\/2016\/09\/L78-13-21.jpg 850w, http:\/\/blog.maquetea.com\/wp-content\/uploads\/2016\/09\/L78-13-21-300x169.jpg 300w\" sizes=\"(max-width: 850px) 100vw, 850px\" \/><\/a><\/p>\n<p><a href=\"http:\/\/blog.maquetea.com\/wp-content\/uploads\/2016\/09\/L78-13-22.jpg\"><img loading=\"lazy\" decoding=\"async\" class=\"aligncenter size-full wp-image-3682\" src=\"http:\/\/blog.maquetea.com\/wp-content\/uploads\/2016\/09\/L78-13-22.jpg\" alt=\"l78-13-22\" width=\"850\" height=\"478\" srcset=\"http:\/\/blog.maquetea.com\/wp-content\/uploads\/2016\/09\/L78-13-22.jpg 850w, http:\/\/blog.maquetea.com\/wp-content\/uploads\/2016\/09\/L78-13-22-300x169.jpg 300w\" sizes=\"(max-width: 850px) 100vw, 850px\" \/><\/a><\/p>\n<p><a href=\"http:\/\/blog.maquetea.com\/wp-content\/uploads\/2016\/09\/L78-13-23.jpg\"><img loading=\"lazy\" decoding=\"async\" class=\"aligncenter size-full wp-image-3683\" src=\"http:\/\/blog.maquetea.com\/wp-content\/uploads\/2016\/09\/L78-13-23.jpg\" alt=\"l78-13-23\" width=\"850\" height=\"478\" srcset=\"http:\/\/blog.maquetea.com\/wp-content\/uploads\/2016\/09\/L78-13-23.jpg 850w, http:\/\/blog.maquetea.com\/wp-content\/uploads\/2016\/09\/L78-13-23-300x169.jpg 300w\" sizes=\"(max-width: 850px) 100vw, 850px\" \/><\/a><\/p>\n<p>Y claro est\u00e1, no me pude resistir a ver algo en conjunto:<\/p>\n<p><a href=\"http:\/\/blog.maquetea.com\/wp-content\/uploads\/2016\/09\/L78-13-24.jpg\"><img loading=\"lazy\" decoding=\"async\" class=\"aligncenter size-full wp-image-3684\" src=\"http:\/\/blog.maquetea.com\/wp-content\/uploads\/2016\/09\/L78-13-24.jpg\" alt=\"l78-13-24\" width=\"850\" height=\"478\" srcset=\"http:\/\/blog.maquetea.com\/wp-content\/uploads\/2016\/09\/L78-13-24.jpg 850w, http:\/\/blog.maquetea.com\/wp-content\/uploads\/2016\/09\/L78-13-24-300x169.jpg 300w\" sizes=\"(max-width: 850px) 100vw, 850px\" \/><\/a><\/p>\n<p><a href=\"http:\/\/blog.maquetea.com\/wp-content\/uploads\/2016\/09\/L78-13-25.jpg\"><img loading=\"lazy\" decoding=\"async\" class=\"aligncenter size-full wp-image-3685\" src=\"http:\/\/blog.maquetea.com\/wp-content\/uploads\/2016\/09\/L78-13-25.jpg\" alt=\"l78-13-25\" width=\"850\" height=\"478\" srcset=\"http:\/\/blog.maquetea.com\/wp-content\/uploads\/2016\/09\/L78-13-25.jpg 850w, http:\/\/blog.maquetea.com\/wp-content\/uploads\/2016\/09\/L78-13-25-300x169.jpg 300w\" sizes=\"(max-width: 850px) 100vw, 850px\" \/><\/a><\/p>\n<p><a href=\"http:\/\/blog.maquetea.com\/wp-content\/uploads\/2016\/09\/L78-13-26.jpg\"><img loading=\"lazy\" decoding=\"async\" class=\"aligncenter size-full wp-image-3686\" src=\"http:\/\/blog.maquetea.com\/wp-content\/uploads\/2016\/09\/L78-13-26.jpg\" alt=\"l78-13-26\" width=\"850\" height=\"478\" srcset=\"http:\/\/blog.maquetea.com\/wp-content\/uploads\/2016\/09\/L78-13-26.jpg 850w, http:\/\/blog.maquetea.com\/wp-content\/uploads\/2016\/09\/L78-13-26-300x169.jpg 300w\" sizes=\"(max-width: 850px) 100vw, 850px\" \/><\/a><\/p>\n<p>En esta foto, vemos el sistema de aceleraci\u00f3n,al que falta el cable que va al cokpit:<\/p>\n<p><a href=\"http:\/\/blog.maquetea.com\/wp-content\/uploads\/2016\/09\/L78-13-27.jpg\"><img loading=\"lazy\" decoding=\"async\" class=\"aligncenter size-full wp-image-3687\" src=\"http:\/\/blog.maquetea.com\/wp-content\/uploads\/2016\/09\/L78-13-27.jpg\" alt=\"l78-13-27\" width=\"850\" height=\"478\" srcset=\"http:\/\/blog.maquetea.com\/wp-content\/uploads\/2016\/09\/L78-13-27.jpg 850w, http:\/\/blog.maquetea.com\/wp-content\/uploads\/2016\/09\/L78-13-27-300x169.jpg 300w\" sizes=\"(max-width: 850px) 100vw, 850px\" \/><\/a><\/p>\n<p>Un gran avance en el Lotus 78, quedando ahora un ligero barniz, las calcas y lacar. \u00a0Y despu\u00e9s&#8230;.montaje final!!<\/p>\n","protected":false},"excerpt":{"rendered":"<p>Seguimos con el Lotus 78. Os muestro el blister del piloto del Lotus 79, del cual tomar\u00e9 solo la cabeza, para vaciarla y hacer el casco de Emilio de Villota: Las piezas del eje delantero, ya pintadas de negro semimate &hellip; <a href=\"http:\/\/blog.maquetea.com\/?p=3641\">Continue reading <span class=\"meta-nav\">&rarr;<\/span><\/a><\/p>\n","protected":false},"author":1,"featured_media":0,"comment_status":"open","ping_status":"open","sticky":false,"template":"","format":"standard","meta":{"footnotes":""},"categories":[205],"tags":[101,156,115,90],"_links":{"self":[{"href":"http:\/\/blog.maquetea.com\/index.php?rest_route=\/wp\/v2\/posts\/3641"}],"collection":[{"href":"http:\/\/blog.maquetea.com\/index.php?rest_route=\/wp\/v2\/posts"}],"about":[{"href":"http:\/\/blog.maquetea.com\/index.php?rest_route=\/wp\/v2\/types\/post"}],"author":[{"embeddable":true,"href":"http:\/\/blog.maquetea.com\/index.php?rest_route=\/wp\/v2\/users\/1"}],"replies":[{"embeddable":true,"href":"http:\/\/blog.maquetea.com\/index.php?rest_route=%2Fwp%2Fv2%2Fcomments&post=3641"}],"version-history":[{"count":3,"href":"http:\/\/blog.maquetea.com\/index.php?rest_route=\/wp\/v2\/posts\/3641\/revisions"}],"predecessor-version":[{"id":3690,"href":"http:\/\/blog.maquetea.com\/index.php?rest_route=\/wp\/v2\/posts\/3641\/revisions\/3690"}],"wp:attachment":[{"href":"http:\/\/blog.maquetea.com\/index.php?rest_route=%2Fwp%2Fv2%2Fmedia&parent=3641"}],"wp:term":[{"taxonomy":"category","embeddable":true,"href":"http:\/\/blog.maquetea.com\/index.php?rest_route=%2Fwp%2Fv2%2Fcategories&post=3641"},{"taxonomy":"post_tag","embeddable":true,"href":"http:\/\/blog.maquetea.com\/index.php?rest_route=%2Fwp%2Fv2%2Ftags&post=3641"}],"curies":[{"name":"wp","href":"https:\/\/api.w.org\/{rel}","templated":true}]}}