{"id":3084,"date":"2016-03-04T20:36:45","date_gmt":"2016-03-04T18:36:45","guid":{"rendered":"http:\/\/blog.maquetea.com\/?p=3084"},"modified":"2016-03-05T19:42:32","modified_gmt":"2016-03-05T17:42:32","slug":"ford-thunderbird-1992-nascar-143-y-vi","status":"publish","type":"post","link":"http:\/\/blog.maquetea.com\/?p=3084","title":{"rendered":"Ford Thunderbird 1992 \u2013 NASCAR 1\/43 (y VI)"},"content":{"rendered":"<p style=\"text-align: justify;\">Y por fin lo he terminado!! Ten\u00eda ganas de terminar una maqueta y ha sido a tiempo para el Concurso de Legan\u00e9s 2016!!<\/p>\n<p style=\"text-align: justify;\">Al final, le puse los cristales, a los que le pas\u00e9 por el borde la punta de un rotulador Eding 3000 de color negro. Los pegu\u00e9 con cola blanca al igual que las barras de protecci\u00f3n de los cristales, que las hice con plasticard fino pintado de negro mate. Atornill\u00e9 el chasis a la carrocer\u00eda y tambi\u00e9n le puse unos refuerzos del cristal delantero, as\u00ed como los fotograbados de los cap\u00f3s.<\/p>\n<p style=\"text-align: justify;\">Sin m\u00e1s, os dejo las fotos:<\/p>\n<p><a href=\"http:\/\/blog.maquetea.com\/wp-content\/uploads\/2016\/03\/Fth-Nas-06-0.jpg\"><img loading=\"lazy\" decoding=\"async\" class=\"aligncenter wp-image-3073\" src=\"http:\/\/blog.maquetea.com\/wp-content\/uploads\/2016\/03\/Fth-Nas-06-0.jpg\" alt=\"Fth Nas 06 (0)\" width=\"600\" height=\"337\" srcset=\"http:\/\/blog.maquetea.com\/wp-content\/uploads\/2016\/03\/Fth-Nas-06-0.jpg 850w, http:\/\/blog.maquetea.com\/wp-content\/uploads\/2016\/03\/Fth-Nas-06-0-300x169.jpg 300w\" sizes=\"(max-width: 600px) 100vw, 600px\" \/><\/a><\/p>\n<p><a href=\"http:\/\/blog.maquetea.com\/wp-content\/uploads\/2016\/03\/Fth-Nas-06-1.jpg\"><img loading=\"lazy\" decoding=\"async\" class=\"aligncenter wp-image-3074\" src=\"http:\/\/blog.maquetea.com\/wp-content\/uploads\/2016\/03\/Fth-Nas-06-1.jpg\" alt=\"Fth Nas 06 (1)\" width=\"600\" height=\"337\" srcset=\"http:\/\/blog.maquetea.com\/wp-content\/uploads\/2016\/03\/Fth-Nas-06-1.jpg 850w, http:\/\/blog.maquetea.com\/wp-content\/uploads\/2016\/03\/Fth-Nas-06-1-300x169.jpg 300w\" sizes=\"(max-width: 600px) 100vw, 600px\" \/><\/a><\/p>\n<p><a href=\"http:\/\/blog.maquetea.com\/wp-content\/uploads\/2016\/03\/Fth-Nas-06-2.jpg\"><img loading=\"lazy\" decoding=\"async\" class=\"aligncenter wp-image-3075\" src=\"http:\/\/blog.maquetea.com\/wp-content\/uploads\/2016\/03\/Fth-Nas-06-2.jpg\" alt=\"Fth Nas 06 (2)\" width=\"600\" height=\"337\" srcset=\"http:\/\/blog.maquetea.com\/wp-content\/uploads\/2016\/03\/Fth-Nas-06-2.jpg 850w, http:\/\/blog.maquetea.com\/wp-content\/uploads\/2016\/03\/Fth-Nas-06-2-300x169.jpg 300w\" sizes=\"(max-width: 600px) 100vw, 600px\" \/><\/a><\/p>\n<p><a href=\"http:\/\/blog.maquetea.com\/wp-content\/uploads\/2016\/03\/Fth-Nas-06-3.jpg\"><img loading=\"lazy\" decoding=\"async\" class=\"aligncenter wp-image-3076\" src=\"http:\/\/blog.maquetea.com\/wp-content\/uploads\/2016\/03\/Fth-Nas-06-3.jpg\" alt=\"Fth Nas 06 (3)\" width=\"600\" height=\"337\" srcset=\"http:\/\/blog.maquetea.com\/wp-content\/uploads\/2016\/03\/Fth-Nas-06-3.jpg 850w, http:\/\/blog.maquetea.com\/wp-content\/uploads\/2016\/03\/Fth-Nas-06-3-300x169.jpg 300w\" sizes=\"(max-width: 600px) 100vw, 600px\" \/><\/a><\/p>\n<p><a href=\"http:\/\/blog.maquetea.com\/wp-content\/uploads\/2016\/03\/Fth-Nas-06-4.jpg\"><img loading=\"lazy\" decoding=\"async\" class=\"aligncenter wp-image-3077\" src=\"http:\/\/blog.maquetea.com\/wp-content\/uploads\/2016\/03\/Fth-Nas-06-4.jpg\" alt=\"Fth Nas 06 (4)\" width=\"600\" height=\"337\" srcset=\"http:\/\/blog.maquetea.com\/wp-content\/uploads\/2016\/03\/Fth-Nas-06-4.jpg 850w, http:\/\/blog.maquetea.com\/wp-content\/uploads\/2016\/03\/Fth-Nas-06-4-300x169.jpg 300w\" sizes=\"(max-width: 600px) 100vw, 600px\" \/><\/a><\/p>\n<p><a href=\"http:\/\/blog.maquetea.com\/wp-content\/uploads\/2016\/03\/Fth-Nas-06-6.jpg\"><img loading=\"lazy\" decoding=\"async\" class=\"aligncenter wp-image-3078\" src=\"http:\/\/blog.maquetea.com\/wp-content\/uploads\/2016\/03\/Fth-Nas-06-6.jpg\" alt=\"Fth Nas 06 (6)\" width=\"600\" height=\"337\" srcset=\"http:\/\/blog.maquetea.com\/wp-content\/uploads\/2016\/03\/Fth-Nas-06-6.jpg 850w, http:\/\/blog.maquetea.com\/wp-content\/uploads\/2016\/03\/Fth-Nas-06-6-300x169.jpg 300w\" sizes=\"(max-width: 600px) 100vw, 600px\" \/><\/a><\/p>\n<p><a href=\"http:\/\/blog.maquetea.com\/wp-content\/uploads\/2016\/03\/Fth-Nas-06-7.jpg\"><img loading=\"lazy\" decoding=\"async\" class=\"aligncenter wp-image-3079\" src=\"http:\/\/blog.maquetea.com\/wp-content\/uploads\/2016\/03\/Fth-Nas-06-7.jpg\" alt=\"Fth Nas 06 (7)\" width=\"600\" height=\"337\" srcset=\"http:\/\/blog.maquetea.com\/wp-content\/uploads\/2016\/03\/Fth-Nas-06-7.jpg 850w, http:\/\/blog.maquetea.com\/wp-content\/uploads\/2016\/03\/Fth-Nas-06-7-300x169.jpg 300w\" sizes=\"(max-width: 600px) 100vw, 600px\" \/><\/a><\/p>\n<p><a href=\"http:\/\/blog.maquetea.com\/wp-content\/uploads\/2016\/03\/Fth-Nas-06-8.jpg\"><img loading=\"lazy\" decoding=\"async\" class=\"aligncenter wp-image-3080\" src=\"http:\/\/blog.maquetea.com\/wp-content\/uploads\/2016\/03\/Fth-Nas-06-8.jpg\" alt=\"Fth Nas 06 (8)\" width=\"600\" height=\"337\" srcset=\"http:\/\/blog.maquetea.com\/wp-content\/uploads\/2016\/03\/Fth-Nas-06-8.jpg 850w, http:\/\/blog.maquetea.com\/wp-content\/uploads\/2016\/03\/Fth-Nas-06-8-300x169.jpg 300w\" sizes=\"(max-width: 600px) 100vw, 600px\" \/><\/a><\/p>\n<p style=\"text-align: justify;\">Y aqu\u00ed os la presento con la peana realizada por mi amigo V\u00edctor, que le da un aspecto impresionante!! As\u00ed ir\u00e1 con los dem\u00e1s modelos del &#8220;Modelin fait&#8221; al concurso de Legan\u00e9s:<\/p>\n<p><a href=\"http:\/\/blog.maquetea.com\/wp-content\/uploads\/2016\/03\/Fth-Nas-06-9.jpg\"><img loading=\"lazy\" decoding=\"async\" class=\"aligncenter wp-image-3081\" src=\"http:\/\/blog.maquetea.com\/wp-content\/uploads\/2016\/03\/Fth-Nas-06-9.jpg\" alt=\"Fth Nas 06 (9)\" width=\"600\" height=\"337\" srcset=\"http:\/\/blog.maquetea.com\/wp-content\/uploads\/2016\/03\/Fth-Nas-06-9.jpg 850w, http:\/\/blog.maquetea.com\/wp-content\/uploads\/2016\/03\/Fth-Nas-06-9-300x169.jpg 300w\" sizes=\"(max-width: 600px) 100vw, 600px\" \/><\/a><\/p>\n<p><a href=\"http:\/\/blog.maquetea.com\/wp-content\/uploads\/2016\/03\/Fth-Nas-06-10.jpg\"><img loading=\"lazy\" decoding=\"async\" class=\"aligncenter wp-image-3082\" src=\"http:\/\/blog.maquetea.com\/wp-content\/uploads\/2016\/03\/Fth-Nas-06-10.jpg\" alt=\"Fth Nas 06 (10)\" width=\"600\" height=\"337\" srcset=\"http:\/\/blog.maquetea.com\/wp-content\/uploads\/2016\/03\/Fth-Nas-06-10.jpg 850w, http:\/\/blog.maquetea.com\/wp-content\/uploads\/2016\/03\/Fth-Nas-06-10-300x169.jpg 300w\" sizes=\"(max-width: 600px) 100vw, 600px\" \/><\/a><\/p>\n<p><a href=\"http:\/\/blog.maquetea.com\/wp-content\/uploads\/2016\/03\/Fth-Nas-06-11.jpg\"><img loading=\"lazy\" decoding=\"async\" class=\"aligncenter wp-image-3083\" src=\"http:\/\/blog.maquetea.com\/wp-content\/uploads\/2016\/03\/Fth-Nas-06-11.jpg\" alt=\"Fth Nas 06 (11)\" width=\"600\" height=\"337\" srcset=\"http:\/\/blog.maquetea.com\/wp-content\/uploads\/2016\/03\/Fth-Nas-06-11.jpg 850w, http:\/\/blog.maquetea.com\/wp-content\/uploads\/2016\/03\/Fth-Nas-06-11-300x169.jpg 300w\" sizes=\"(max-width: 600px) 100vw, 600px\" \/><\/a><\/p>\n<p>&nbsp;<\/p>\n<p>Gracias por mirar y comentar, y a ver si termino una a 1\/24!!<\/p>\n","protected":false},"excerpt":{"rendered":"<p>Y por fin lo he terminado!! Ten\u00eda ganas de terminar una maqueta y ha sido a tiempo para el Concurso de Legan\u00e9s 2016!! Al final, le puse los cristales, a los que le pas\u00e9 por el borde la punta de &hellip; <a href=\"http:\/\/blog.maquetea.com\/?p=3084\">Continue reading <span class=\"meta-nav\">&rarr;<\/span><\/a><\/p>\n","protected":false},"author":1,"featured_media":3073,"comment_status":"open","ping_status":"open","sticky":false,"template":"","format":"standard","meta":{"footnotes":""},"categories":[214],"tags":[92,114],"_links":{"self":[{"href":"http:\/\/blog.maquetea.com\/index.php?rest_route=\/wp\/v2\/posts\/3084"}],"collection":[{"href":"http:\/\/blog.maquetea.com\/index.php?rest_route=\/wp\/v2\/posts"}],"about":[{"href":"http:\/\/blog.maquetea.com\/index.php?rest_route=\/wp\/v2\/types\/post"}],"author":[{"embeddable":true,"href":"http:\/\/blog.maquetea.com\/index.php?rest_route=\/wp\/v2\/users\/1"}],"replies":[{"embeddable":true,"href":"http:\/\/blog.maquetea.com\/index.php?rest_route=%2Fwp%2Fv2%2Fcomments&post=3084"}],"version-history":[{"count":2,"href":"http:\/\/blog.maquetea.com\/index.php?rest_route=\/wp\/v2\/posts\/3084\/revisions"}],"predecessor-version":[{"id":3086,"href":"http:\/\/blog.maquetea.com\/index.php?rest_route=\/wp\/v2\/posts\/3084\/revisions\/3086"}],"wp:featuredmedia":[{"embeddable":true,"href":"http:\/\/blog.maquetea.com\/index.php?rest_route=\/wp\/v2\/media\/3073"}],"wp:attachment":[{"href":"http:\/\/blog.maquetea.com\/index.php?rest_route=%2Fwp%2Fv2%2Fmedia&parent=3084"}],"wp:term":[{"taxonomy":"category","embeddable":true,"href":"http:\/\/blog.maquetea.com\/index.php?rest_route=%2Fwp%2Fv2%2Fcategories&post=3084"},{"taxonomy":"post_tag","embeddable":true,"href":"http:\/\/blog.maquetea.com\/index.php?rest_route=%2Fwp%2Fv2%2Ftags&post=3084"}],"curies":[{"name":"wp","href":"https:\/\/api.w.org\/{rel}","templated":true}]}}