{"id":234,"date":"2012-06-05T17:41:00","date_gmt":"2012-06-05T16:41:00","guid":{"rendered":"http:\/\/blog.maquetea.com\/?p=234"},"modified":"2017-07-07T16:27:14","modified_gmt":"2017-07-07T15:27:14","slug":"porsche-911-gt3-124-profil24-vii","status":"publish","type":"post","link":"http:\/\/blog.maquetea.com\/?p=234","title":{"rendered":"Porsche 911 GT3 1\/24 Profil24 (VII)"},"content":{"rendered":"<div style=\"clear: both; text-align: justify;\">Vamos a ir haciendo piezas de las que van por dentro del habit\u00e1culo, y no terminan de parecerse a la realidad. A los ya conocidos impulsores, les he puesto las fijaciones verticales &#8220;Jacks&#8221; al chasis, y he acanalado las arandelas ajustables que llevan:<\/div>\n<div style=\"clear: both; text-align: center;\"><\/div>\n<div style=\"clear: both; text-align: center;\"><a href=\"http:\/\/blog.maquetea.com\/wp-content\/uploads\/2017\/07\/911-GT3-07-11a.jpg\"><img loading=\"lazy\" decoding=\"async\" class=\"aligncenter size-full wp-image-4476\" src=\"http:\/\/blog.maquetea.com\/wp-content\/uploads\/2017\/07\/911-GT3-07-11a.jpg\" alt=\"\" width=\"800\" height=\"523\" srcset=\"http:\/\/blog.maquetea.com\/wp-content\/uploads\/2017\/07\/911-GT3-07-11a.jpg 800w, http:\/\/blog.maquetea.com\/wp-content\/uploads\/2017\/07\/911-GT3-07-11a-300x196.jpg 300w, http:\/\/blog.maquetea.com\/wp-content\/uploads\/2017\/07\/911-GT3-07-11a-768x502.jpg 768w\" sizes=\"(max-width: 800px) 100vw, 800px\" \/><\/a><\/div>\n<div style=\"clear: both; text-align: center;\"><\/div>\n<div style=\"clear: both; text-align: justify;\">Pasamos al extintor, que he eliminado los tornillos superiores de fijaci\u00f3n, y le he a\u00f1adido las cu\u00f1as de la base, a la altura de las fijaciones. La otra pieza es una caja de fusibles y de rel\u00e9s que va entre el extintor y la palanca central del cambio secuencial. \u00c9sta, se fija al chasis en la parte central por medio de una pletina que hice con aluminio de lata de cerveza, previamente agujereada:<\/div>\n<div style=\"clear: both; text-align: center;\"><\/div>\n<div style=\"clear: both; text-align: center;\"><a href=\"http:\/\/blog.maquetea.com\/wp-content\/uploads\/2017\/07\/911-GT3-07-0.jpg\"><img loading=\"lazy\" decoding=\"async\" class=\"aligncenter size-full wp-image-4472\" src=\"http:\/\/blog.maquetea.com\/wp-content\/uploads\/2017\/07\/911-GT3-07-0.jpg\" alt=\"\" width=\"800\" height=\"536\" srcset=\"http:\/\/blog.maquetea.com\/wp-content\/uploads\/2017\/07\/911-GT3-07-0.jpg 800w, http:\/\/blog.maquetea.com\/wp-content\/uploads\/2017\/07\/911-GT3-07-0-300x201.jpg 300w, http:\/\/blog.maquetea.com\/wp-content\/uploads\/2017\/07\/911-GT3-07-0-768x515.jpg 768w\" sizes=\"(max-width: 800px) 100vw, 800px\" \/><\/a><\/div>\n<div style=\"clear: both; text-align: center;\"><\/div>\n<div style=\"clear: both; text-align: justify;\">M\u00e1s piezas: la centralita Bosch 4.0 va fijada detr\u00e1s de la cruceta del arco de seguridad, pero no va adosada, si no que lleva una fijaci\u00f3n para que si situaci\u00f3n sea vertical. Adem\u00e1s de rehacer la propia centralita con Evergreen, hice su fijaci\u00f3n con aluminio de lata, cortando por aqu\u00ed y por all\u00e1, y la otra pieza peque\u00f1a corresponde a las conexiones de los cables:<\/div>\n<div style=\"clear: both; text-align: center;\"><\/div>\n<div style=\"clear: both; text-align: center;\"><a href=\"http:\/\/blog.maquetea.com\/wp-content\/uploads\/2017\/07\/911-GT3-07-29.jpg\"><img loading=\"lazy\" decoding=\"async\" class=\"aligncenter size-full wp-image-4478\" src=\"http:\/\/blog.maquetea.com\/wp-content\/uploads\/2017\/07\/911-GT3-07-29.jpg\" alt=\"\" width=\"800\" height=\"536\" srcset=\"http:\/\/blog.maquetea.com\/wp-content\/uploads\/2017\/07\/911-GT3-07-29.jpg 800w, http:\/\/blog.maquetea.com\/wp-content\/uploads\/2017\/07\/911-GT3-07-29-300x201.jpg 300w, http:\/\/blog.maquetea.com\/wp-content\/uploads\/2017\/07\/911-GT3-07-29-768x515.jpg 768w\" sizes=\"(max-width: 800px) 100vw, 800px\" \/><\/a><\/div>\n<div style=\"clear: both; text-align: center;\"><\/div>\n<div style=\"clear: both; text-align: justify;\">Si las superponemos, quedar\u00e1 as\u00ed (tened en cuenta que est\u00e1 tumbado y su posici\u00f3n final ser\u00e1 vertical). No las he pegado porque la fijaci\u00f3n ir\u00e1 en negro satinado, y la centralita cromada:<\/div>\n<div style=\"clear: both; text-align: center;\"><\/div>\n<div style=\"clear: both; text-align: center;\"><a href=\"http:\/\/blog.maquetea.com\/wp-content\/uploads\/2017\/07\/911-GT3-07-28a.jpg\"><img loading=\"lazy\" decoding=\"async\" class=\"aligncenter size-full wp-image-4477\" src=\"http:\/\/blog.maquetea.com\/wp-content\/uploads\/2017\/07\/911-GT3-07-28a.jpg\" alt=\"\" width=\"800\" height=\"538\" srcset=\"http:\/\/blog.maquetea.com\/wp-content\/uploads\/2017\/07\/911-GT3-07-28a.jpg 800w, http:\/\/blog.maquetea.com\/wp-content\/uploads\/2017\/07\/911-GT3-07-28a-300x202.jpg 300w, http:\/\/blog.maquetea.com\/wp-content\/uploads\/2017\/07\/911-GT3-07-28a-768x516.jpg 768w\" sizes=\"(max-width: 800px) 100vw, 800px\" \/><\/a><\/div>\n<div style=\"clear: both; text-align: center;\"><\/div>\n<div style=\"clear: both; text-align: justify;\">Y para terminar esta serie, la palanca secuencial de velocidades. Aqu\u00ed os muestro la original de resina y lo que he hecho. Si os fij\u00e1is, la de resina es un maciza, cuando tiene huecos interiores. Para hacerla, tom\u00e9 aluminio de lata, y recort\u00e9 los dos laterales, fij\u00e1ndome en las fijaciones que son paralelas al chasis, con unos agujeros para futuras tuercas. La termin\u00e9 con dos trocitos de Eveergren, uno delante y otro detr\u00e1s que dan la anchura necesaria para que vaya por dentro el mecanismo secuencial del cambio, hecho con la barra de la foto al que puse un trocito de l\u00e1mina en U que se une con la palanca.<\/div>\n<div style=\"clear: both; text-align: center;\"><\/div>\n<div style=\"clear: both; text-align: center;\"><a href=\"http:\/\/blog.maquetea.com\/wp-content\/uploads\/2017\/07\/911-GT3-07-1.jpg\"><img loading=\"lazy\" decoding=\"async\" class=\"aligncenter size-full wp-image-4473\" src=\"http:\/\/blog.maquetea.com\/wp-content\/uploads\/2017\/07\/911-GT3-07-1.jpg\" alt=\"\" width=\"800\" height=\"536\" srcset=\"http:\/\/blog.maquetea.com\/wp-content\/uploads\/2017\/07\/911-GT3-07-1.jpg 800w, http:\/\/blog.maquetea.com\/wp-content\/uploads\/2017\/07\/911-GT3-07-1-300x201.jpg 300w, http:\/\/blog.maquetea.com\/wp-content\/uploads\/2017\/07\/911-GT3-07-1-768x515.jpg 768w\" sizes=\"(max-width: 800px) 100vw, 800px\" \/><\/a><\/div>\n<div style=\"clear: both; text-align: center;\"><\/div>\n<div style=\"clear: both; text-align: justify;\">Aqu\u00ed ten\u00e9is el conjunto con la palanca de la marcha atr\u00e1s, comparado con el original de resina:<\/div>\n<div style=\"clear: both; text-align: center;\"><\/div>\n<div style=\"clear: both; text-align: center;\"><a href=\"http:\/\/blog.maquetea.com\/wp-content\/uploads\/2017\/07\/911-GT3-07-6a.jpg\"><img loading=\"lazy\" decoding=\"async\" class=\"aligncenter size-full wp-image-4474\" src=\"http:\/\/blog.maquetea.com\/wp-content\/uploads\/2017\/07\/911-GT3-07-6a.jpg\" alt=\"\" width=\"800\" height=\"590\" srcset=\"http:\/\/blog.maquetea.com\/wp-content\/uploads\/2017\/07\/911-GT3-07-6a.jpg 800w, http:\/\/blog.maquetea.com\/wp-content\/uploads\/2017\/07\/911-GT3-07-6a-300x221.jpg 300w, http:\/\/blog.maquetea.com\/wp-content\/uploads\/2017\/07\/911-GT3-07-6a-768x566.jpg 768w\" sizes=\"(max-width: 800px) 100vw, 800px\" \/><\/a><\/div>\n<div style=\"clear: both; text-align: center;\"><\/div>\n<div style=\"clear: both; text-align: justify;\">Y si lo ponemos en el chasis&#8230;<\/div>\n<div style=\"clear: both; text-align: center;\"><\/div>\n<div style=\"clear: both; text-align: center;\"><a href=\"http:\/\/blog.maquetea.com\/wp-content\/uploads\/2017\/07\/911-GT3-07-7.jpg\"><img loading=\"lazy\" decoding=\"async\" class=\"aligncenter size-full wp-image-4475\" src=\"http:\/\/blog.maquetea.com\/wp-content\/uploads\/2017\/07\/911-GT3-07-7.jpg\" alt=\"\" width=\"800\" height=\"536\" srcset=\"http:\/\/blog.maquetea.com\/wp-content\/uploads\/2017\/07\/911-GT3-07-7.jpg 800w, http:\/\/blog.maquetea.com\/wp-content\/uploads\/2017\/07\/911-GT3-07-7-300x201.jpg 300w, http:\/\/blog.maquetea.com\/wp-content\/uploads\/2017\/07\/911-GT3-07-7-768x515.jpg 768w\" sizes=\"(max-width: 800px) 100vw, 800px\" \/><\/a><\/div>\n<div style=\"clear: both; text-align: center;\"><\/div>\n<div style=\"clear: both; text-align: justify;\">Espero que os guste!! Gracias por mirar y comentar!<\/div>\n","protected":false},"excerpt":{"rendered":"<p>Vamos a ir haciendo piezas de las que van por dentro del habit\u00e1culo, y no terminan de parecerse a la realidad. A los ya conocidos impulsores, les he puesto las fijaciones verticales &#8220;Jacks&#8221; al chasis, y he acanalado las arandelas &hellip; <a href=\"http:\/\/blog.maquetea.com\/?p=234\">Continue reading <span class=\"meta-nav\">&rarr;<\/span><\/a><\/p>\n","protected":false},"author":1,"featured_media":0,"comment_status":"open","ping_status":"open","sticky":false,"template":"","format":"standard","meta":{"footnotes":""},"categories":[17],"tags":[100,97,99,94],"_links":{"self":[{"href":"http:\/\/blog.maquetea.com\/index.php?rest_route=\/wp\/v2\/posts\/234"}],"collection":[{"href":"http:\/\/blog.maquetea.com\/index.php?rest_route=\/wp\/v2\/posts"}],"about":[{"href":"http:\/\/blog.maquetea.com\/index.php?rest_route=\/wp\/v2\/types\/post"}],"author":[{"embeddable":true,"href":"http:\/\/blog.maquetea.com\/index.php?rest_route=\/wp\/v2\/users\/1"}],"replies":[{"embeddable":true,"href":"http:\/\/blog.maquetea.com\/index.php?rest_route=%2Fwp%2Fv2%2Fcomments&post=234"}],"version-history":[{"count":4,"href":"http:\/\/blog.maquetea.com\/index.php?rest_route=\/wp\/v2\/posts\/234\/revisions"}],"predecessor-version":[{"id":4480,"href":"http:\/\/blog.maquetea.com\/index.php?rest_route=\/wp\/v2\/posts\/234\/revisions\/4480"}],"wp:attachment":[{"href":"http:\/\/blog.maquetea.com\/index.php?rest_route=%2Fwp%2Fv2%2Fmedia&parent=234"}],"wp:term":[{"taxonomy":"category","embeddable":true,"href":"http:\/\/blog.maquetea.com\/index.php?rest_route=%2Fwp%2Fv2%2Fcategories&post=234"},{"taxonomy":"post_tag","embeddable":true,"href":"http:\/\/blog.maquetea.com\/index.php?rest_route=%2Fwp%2Fv2%2Ftags&post=234"}],"curies":[{"name":"wp","href":"https:\/\/api.w.org\/{rel}","templated":true}]}}