{"id":2183,"date":"2015-01-16T18:53:53","date_gmt":"2015-01-16T16:53:53","guid":{"rendered":"http:\/\/blog.maquetea.com\/?p=2183"},"modified":"2015-01-16T19:01:33","modified_gmt":"2015-01-16T17:01:33","slug":"lancia-delta-repsol-1993-124-iv","status":"publish","type":"post","link":"http:\/\/blog.maquetea.com\/?p=2183","title":{"rendered":"Lancia Delta Repsol 1993 1\/24 (IV)"},"content":{"rendered":"<p style=\"text-align: justify;\">En la entrada anterior, dejamos el Lancia con todo abierto, pero hab\u00eda que seguir asegurando la carrocer\u00eda <a id=\"_GPLITA_0\" style=\"border: none !important; display: inline-block !important; text-indent: 0px !important; float: none !important; font-weight: bold !important; height: auto !important; margin: 0px !important; min-height: 0px !important; min-width: 0px !important; padding: 0px !important; text-transform: uppercase !important; text-decoration: underline !important; vertical-align: baseline !important; width: auto !important; background: transparent !important;\" title=\"Click to Continue &gt; by Fun2Save\" href=\"#\">para<img decoding=\"async\" style=\"border: none !important; display: inline-block !important; text-indent: 0px !important; float: none !important; font-weight: bold !important; height: 10px !important; margin: 0px 0px 0px 3px !important; min-height: 0px !important; min-width: 0px !important; padding: 0px !important; text-transform: uppercase !important; text-decoration: underline !important; vertical-align: super !important; width: 10px !important; background: transparent !important;\" alt=\"\" src=\"http:\/\/cdncache-a.akamaihd.net\/items\/it\/img\/arrow-10x10.png\" \/><\/a> que no se <a id=\"_GPLITA_0\" style=\"border: none !important; display: inline-block !important; text-indent: 0px !important; float: none !important; font-weight: bold !important; height: auto !important; margin: 0px !important; min-height: 0px !important; min-width: 0px !important; padding: 0px !important; text-transform: uppercase !important; text-decoration: underline !important; vertical-align: baseline !important; width: auto !important; background: transparent !important;\" title=\"Click to Continue &gt; by Fun2Save\" href=\"#\">partiera<img decoding=\"async\" style=\"border: none !important; display: inline-block !important; text-indent: 0px !important; float: none !important; font-weight: bold !important; height: 10px !important; margin: 0px 0px 0px 3px !important; min-height: 0px !important; min-width: 0px !important; padding: 0px !important; text-transform: uppercase !important; text-decoration: underline !important; vertical-align: super !important; width: 10px !important; background: transparent !important;\" alt=\"\" src=\"http:\/\/cdncache-a.akamaihd.net\/items\/it\/img\/arrow-10x10.png\" \/><\/a> por sus <a id=\"_GPLITA_1\" style=\"border: none !important; display: inline-block !important; text-indent: 0px !important; float: none !important; font-weight: bold !important; height: auto !important; margin: 0px !important; min-height: 0px !important; min-width: 0px !important; padding: 0px !important; text-transform: uppercase !important; text-decoration: underline !important; vertical-align: baseline !important; width: auto !important; background: transparent !important;\" title=\"Click to Continue &gt; by Fun2Save\" href=\"#\">partes<img decoding=\"async\" style=\"border: none !important; display: inline-block !important; text-indent: 0px !important; float: none !important; font-weight: bold !important; height: 10px !important; margin: 0px 0px 0px 3px !important; min-height: 0px !important; min-width: 0px !important; padding: 0px !important; text-transform: uppercase !important; text-decoration: underline !important; vertical-align: super !important; width: 10px !important; background: transparent !important;\" alt=\"\" src=\"http:\/\/cdncache-a.akamaihd.net\/items\/it\/img\/arrow-10x10.png\" \/><\/a> estrechas <a id=\"_GPLITA_0\" style=\"border: none !important; display: inline-block !important; text-indent: 0px !important; float: none !important; font-weight: bold !important; height: auto !important; margin: 0px !important; min-height: 0px !important; min-width: 0px !important; padding: 0px !important; text-transform: uppercase !important; text-decoration: underline !important; vertical-align: baseline !important; width: auto !important; background: transparent !important;\" title=\"Click to Continue &gt; by Fun2Save\" href=\"#\">como<img decoding=\"async\" style=\"border: none !important; display: inline-block !important; text-indent: 0px !important; float: none !important; font-weight: bold !important; height: 10px !important; margin: 0px 0px 0px 3px !important; min-height: 0px !important; min-width: 0px !important; padding: 0px !important; text-transform: uppercase !important; text-decoration: underline !important; vertical-align: super !important; width: 10px !important; background: transparent !important;\" alt=\"\" src=\"http:\/\/cdncache-a.akamaihd.net\/items\/it\/img\/arrow-10x10.png\" \/><\/a> es el caso del parabrisas delantero. Por tanto, con l\u00e1mina de Evergreen, le hice el borde inferior del vano del motor:<\/p>\n<p style=\"text-align: center;\"><a href=\"http:\/\/blog.maquetea.com\/wp-content\/uploads\/2015\/01\/LDR-04-1.jpg\"><img loading=\"lazy\" decoding=\"async\" class=\"aligncenter size-full wp-image-2157\" alt=\"OLYMPUS DIGITAL CAMERA\" src=\"http:\/\/blog.maquetea.com\/wp-content\/uploads\/2015\/01\/LDR-04-1.jpg\" width=\"640\" height=\"360\" srcset=\"http:\/\/blog.maquetea.com\/wp-content\/uploads\/2015\/01\/LDR-04-1.jpg 800w, http:\/\/blog.maquetea.com\/wp-content\/uploads\/2015\/01\/LDR-04-1-300x168.jpg 300w\" sizes=\"(max-width: 640px) 100vw, 640px\" \/><\/a><\/p>\n<p style=\"text-align: justify;\">Y siguiendo con el maletero, <a id=\"_GPLITA_2\" style=\"border: none !important; display: inline-block !important; text-indent: 0px !important; float: none !important; font-weight: bold !important; height: auto !important; margin: 0px !important; min-height: 0px !important; min-width: 0px !important; padding: 0px !important; text-transform: uppercase !important; text-decoration: underline !important; vertical-align: baseline !important; width: auto !important; background: transparent !important;\" title=\"Click to Continue &gt; by Fun2Save\" href=\"#\">pasamos<img decoding=\"async\" style=\"border: none !important; display: inline-block !important; text-indent: 0px !important; float: none !important; font-weight: bold !important; height: 10px !important; margin: 0px 0px 0px 3px !important; min-height: 0px !important; min-width: 0px !important; padding: 0px !important; text-transform: uppercase !important; text-decoration: underline !important; vertical-align: super !important; width: 10px !important; background: transparent !important;\" alt=\"\" src=\"http:\/\/cdncache-a.akamaihd.net\/items\/it\/img\/arrow-10x10.png\" \/><\/a> a cortar la bandeja trasera, de acuerdo a las fotos existentes. Primero dibujo los futuros cortes:<\/p>\n<p style=\"text-align: center;\"><a href=\"http:\/\/blog.maquetea.com\/wp-content\/uploads\/2015\/01\/LDR-04-4.jpg\"><img loading=\"lazy\" decoding=\"async\" class=\"aligncenter size-full wp-image-2158\" alt=\"OLYMPUS DIGITAL CAMERA\" src=\"http:\/\/blog.maquetea.com\/wp-content\/uploads\/2015\/01\/LDR-04-4.jpg\" width=\"640\" height=\"360\" srcset=\"http:\/\/blog.maquetea.com\/wp-content\/uploads\/2015\/01\/LDR-04-4.jpg 800w, http:\/\/blog.maquetea.com\/wp-content\/uploads\/2015\/01\/LDR-04-4-300x168.jpg 300w\" sizes=\"(max-width: 640px) 100vw, 640px\" \/><\/a><\/p>\n<p style=\"text-align: justify;\">Y con el cutter, con la <a id=\"_GPLITA_4\" style=\"border: none !important; display: inline-block !important; text-indent: 0px !important; float: none !important; font-weight: bold !important; height: auto !important; margin: 0px !important; min-height: 0px !important; min-width: 0px !important; padding: 0px !important; text-transform: uppercase !important; text-decoration: underline !important; vertical-align: baseline !important; width: auto !important; background: transparent !important;\" title=\"Click to Continue &gt; by Fun2Save\" href=\"#\">parte<img decoding=\"async\" style=\"border: none !important; display: inline-block !important; text-indent: 0px !important; float: none !important; font-weight: bold !important; height: 10px !important; margin: 0px 0px 0px 3px !important; min-height: 0px !important; min-width: 0px !important; padding: 0px !important; text-transform: uppercase !important; text-decoration: underline !important; vertical-align: super !important; width: 10px !important; background: transparent !important;\" alt=\"\" src=\"http:\/\/cdncache-a.akamaihd.net\/items\/it\/img\/arrow-10x10.png\" \/><\/a> opuesta al filo, la corto despacio:<\/p>\n<p style=\"text-align: center;\"><a href=\"http:\/\/blog.maquetea.com\/wp-content\/uploads\/2015\/01\/LDR-04-5.jpg\"><img loading=\"lazy\" decoding=\"async\" class=\"aligncenter size-full wp-image-2159\" alt=\"OLYMPUS DIGITAL CAMERA\" src=\"http:\/\/blog.maquetea.com\/wp-content\/uploads\/2015\/01\/LDR-04-5.jpg\" width=\"640\" height=\"360\" srcset=\"http:\/\/blog.maquetea.com\/wp-content\/uploads\/2015\/01\/LDR-04-5.jpg 800w, http:\/\/blog.maquetea.com\/wp-content\/uploads\/2015\/01\/LDR-04-5-300x168.jpg 300w\" sizes=\"(max-width: 640px) 100vw, 640px\" \/><\/a><\/p>\n<p style=\"text-align: justify;\"><a id=\"_GPLITA_4\" style=\"border: none !important; display: inline-block !important; text-indent: 0px !important; float: none !important; font-weight: bold !important; height: auto !important; margin: 0px !important; min-height: 0px !important; min-width: 0px !important; padding: 0px !important; text-transform: uppercase !important; text-decoration: underline !important; vertical-align: baseline !important; width: auto !important; background: transparent !important;\" title=\"Click to Continue &gt; by Fun2Save\" href=\"#\">Como<img decoding=\"async\" style=\"border: none !important; display: inline-block !important; text-indent: 0px !important; float: none !important; font-weight: bold !important; height: 10px !important; margin: 0px 0px 0px 3px !important; min-height: 0px !important; min-width: 0px !important; padding: 0px !important; text-transform: uppercase !important; text-decoration: underline !important; vertical-align: super !important; width: 10px !important; background: transparent !important;\" alt=\"\" src=\"http:\/\/cdncache-a.akamaihd.net\/items\/it\/img\/arrow-10x10.png\" \/><\/a> en el vano motor, recorto con l\u00e1mina de Evergreen el borde inferior donde se apoya la bandeja:<\/p>\n<p style=\"text-align: center;\"><a href=\"http:\/\/blog.maquetea.com\/wp-content\/uploads\/2015\/01\/LDR-04-6.jpg\"><img loading=\"lazy\" decoding=\"async\" class=\"aligncenter size-full wp-image-2160\" alt=\"OLYMPUS DIGITAL CAMERA\" src=\"http:\/\/blog.maquetea.com\/wp-content\/uploads\/2015\/01\/LDR-04-6.jpg\" width=\"640\" height=\"360\" srcset=\"http:\/\/blog.maquetea.com\/wp-content\/uploads\/2015\/01\/LDR-04-6.jpg 800w, http:\/\/blog.maquetea.com\/wp-content\/uploads\/2015\/01\/LDR-04-6-300x168.jpg 300w\" sizes=\"(max-width: 640px) 100vw, 640px\" \/><\/a><\/p>\n<p style=\"text-align: justify;\">Una vez en este punto, y con l\u00e1mina de Evergreen de nuevo, voy parcheando el maletero, tanto los laterales con una tira en &#8220;L&#8221;, como alrededor de los faros y la continuaci\u00f3n del parachoques:<\/p>\n<p style=\"text-align: center;\"><a href=\"http:\/\/blog.maquetea.com\/wp-content\/uploads\/2015\/01\/LDR-04-11.jpg\"><img loading=\"lazy\" decoding=\"async\" class=\"aligncenter size-full wp-image-2161\" alt=\"OLYMPUS DIGITAL CAMERA\" src=\"http:\/\/blog.maquetea.com\/wp-content\/uploads\/2015\/01\/LDR-04-11.jpg\" width=\"640\" height=\"360\" srcset=\"http:\/\/blog.maquetea.com\/wp-content\/uploads\/2015\/01\/LDR-04-11.jpg 800w, http:\/\/blog.maquetea.com\/wp-content\/uploads\/2015\/01\/LDR-04-11-300x168.jpg 300w\" sizes=\"(max-width: 640px) 100vw, 640px\" \/><\/a><\/p>\n<p style=\"text-align: justify;\">Para despu\u00e9s poner masilla epoxy de Tamiya, en buena cantidad con la intenci\u00f3n de limar y lijar despu\u00e9s:<\/p>\n<p style=\"text-align: center;\"><a href=\"http:\/\/blog.maquetea.com\/wp-content\/uploads\/2015\/01\/LDR-04-16.jpg\"><img loading=\"lazy\" decoding=\"async\" class=\"aligncenter size-full wp-image-2162\" alt=\"OLYMPUS DIGITAL CAMERA\" src=\"http:\/\/blog.maquetea.com\/wp-content\/uploads\/2015\/01\/LDR-04-16.jpg\" width=\"640\" height=\"360\" srcset=\"http:\/\/blog.maquetea.com\/wp-content\/uploads\/2015\/01\/LDR-04-16.jpg 800w, http:\/\/blog.maquetea.com\/wp-content\/uploads\/2015\/01\/LDR-04-16-300x168.jpg 300w\" sizes=\"(max-width: 640px) 100vw, 640px\" \/><\/a><\/p>\n<p style=\"text-align: justify;\">Aprovecho la masilla para ir terminando los pasos de rueda, y el interior de los laterales:<\/p>\n<p style=\"text-align: center;\"><a href=\"http:\/\/blog.maquetea.com\/wp-content\/uploads\/2015\/01\/LDR-04-17.jpg\"><img loading=\"lazy\" decoding=\"async\" class=\"aligncenter size-full wp-image-2163\" alt=\"OLYMPUS DIGITAL CAMERA\" src=\"http:\/\/blog.maquetea.com\/wp-content\/uploads\/2015\/01\/LDR-04-17.jpg\" width=\"640\" height=\"360\" srcset=\"http:\/\/blog.maquetea.com\/wp-content\/uploads\/2015\/01\/LDR-04-17.jpg 800w, http:\/\/blog.maquetea.com\/wp-content\/uploads\/2015\/01\/LDR-04-17-300x168.jpg 300w\" sizes=\"(max-width: 640px) 100vw, 640px\" \/><\/a><\/p>\n<p style=\"text-align: justify;\">Una vez limado y lijado, resulta lo siguiente:<\/p>\n<p style=\"text-align: center;\"><a href=\"http:\/\/blog.maquetea.com\/wp-content\/uploads\/2015\/01\/LDR-04-33.jpg\"><img loading=\"lazy\" decoding=\"async\" class=\"aligncenter size-full wp-image-2170\" alt=\"OLYMPUS DIGITAL CAMERA\" src=\"http:\/\/blog.maquetea.com\/wp-content\/uploads\/2015\/01\/LDR-04-33.jpg\" width=\"640\" height=\"360\" srcset=\"http:\/\/blog.maquetea.com\/wp-content\/uploads\/2015\/01\/LDR-04-33.jpg 800w, http:\/\/blog.maquetea.com\/wp-content\/uploads\/2015\/01\/LDR-04-33-300x168.jpg 300w\" sizes=\"(max-width: 640px) 100vw, 640px\" \/><\/a><\/p>\n<p style=\"text-align: justify;\">Ajustamos los extremos traseros de la bandeja y&#8230;<\/p>\n<p style=\"text-align: center;\"><a href=\"http:\/\/blog.maquetea.com\/wp-content\/uploads\/2015\/01\/LDR-04-35.jpg\"><img loading=\"lazy\" decoding=\"async\" class=\"aligncenter size-full wp-image-2171\" alt=\"OLYMPUS DIGITAL CAMERA\" src=\"http:\/\/blog.maquetea.com\/wp-content\/uploads\/2015\/01\/LDR-04-35.jpg\" width=\"640\" height=\"360\" srcset=\"http:\/\/blog.maquetea.com\/wp-content\/uploads\/2015\/01\/LDR-04-35.jpg 800w, http:\/\/blog.maquetea.com\/wp-content\/uploads\/2015\/01\/LDR-04-35-300x168.jpg 300w\" sizes=\"(max-width: 640px) 100vw, 640px\" \/><\/a><\/p>\n<p style=\"text-align: justify;\">completamos el borde inferior de arriba, como continuaci\u00f3n de los laterales, donde reposar\u00e1 el port\u00f3n trasero cuando est\u00e9 cerrado:<\/p>\n<p style=\"text-align: center;\"><a href=\"http:\/\/blog.maquetea.com\/wp-content\/uploads\/2015\/01\/LDR-04-41.jpg\"><img loading=\"lazy\" decoding=\"async\" class=\"aligncenter size-full wp-image-2174\" alt=\"OLYMPUS DIGITAL CAMERA\" src=\"http:\/\/blog.maquetea.com\/wp-content\/uploads\/2015\/01\/LDR-04-41.jpg\" width=\"640\" height=\"360\" srcset=\"http:\/\/blog.maquetea.com\/wp-content\/uploads\/2015\/01\/LDR-04-41.jpg 800w, http:\/\/blog.maquetea.com\/wp-content\/uploads\/2015\/01\/LDR-04-41-300x168.jpg 300w\" sizes=\"(max-width: 640px) 100vw, 640px\" \/><\/a><\/p>\n<p style=\"text-align: justify;\">Si sujetamos el port\u00f3n con BluTack, tenemos una vista de lo que ser\u00e1:<\/p>\n<p style=\"text-align: center;\"><a href=\"http:\/\/blog.maquetea.com\/wp-content\/uploads\/2015\/01\/LDR-04-28.jpg\"><img loading=\"lazy\" decoding=\"async\" class=\"aligncenter size-full wp-image-2169\" alt=\"OLYMPUS DIGITAL CAMERA\" src=\"http:\/\/blog.maquetea.com\/wp-content\/uploads\/2015\/01\/LDR-04-28.jpg\" width=\"640\" height=\"360\" srcset=\"http:\/\/blog.maquetea.com\/wp-content\/uploads\/2015\/01\/LDR-04-28.jpg 800w, http:\/\/blog.maquetea.com\/wp-content\/uploads\/2015\/01\/LDR-04-28-300x168.jpg 300w\" sizes=\"(max-width: 640px) 100vw, 640px\" \/><\/a><\/p>\n<p style=\"text-align: justify;\">Para hacer los interiores de las puertas, veo que necesito tener listo el interior del chasis, es decir, lo que resta de la cuna original, teniendo en cuenta que todo la parte trasera, la he cortado porque se elevaba mucho:<\/p>\n<p style=\"text-align: center;\"><a href=\"http:\/\/blog.maquetea.com\/wp-content\/uploads\/2015\/01\/LDR-04-21.jpg\"><img loading=\"lazy\" decoding=\"async\" class=\"aligncenter size-full wp-image-2164\" alt=\"OLYMPUS DIGITAL CAMERA\" src=\"http:\/\/blog.maquetea.com\/wp-content\/uploads\/2015\/01\/LDR-04-21.jpg\" width=\"640\" height=\"360\" srcset=\"http:\/\/blog.maquetea.com\/wp-content\/uploads\/2015\/01\/LDR-04-21.jpg 800w, http:\/\/blog.maquetea.com\/wp-content\/uploads\/2015\/01\/LDR-04-21-300x168.jpg 300w\" sizes=\"(max-width: 640px) 100vw, 640px\" \/><\/a><\/p>\n<p style=\"text-align: justify;\"><span style=\"text-align: justify;\">Y como necesito tener m\u00e1s profundidad en toda la zona de los asientos, la corto con la sierra:<\/span><\/p>\n<p style=\"text-align: center;\"><a href=\"http:\/\/blog.maquetea.com\/wp-content\/uploads\/2015\/01\/LDR-04-23.jpg\"><img loading=\"lazy\" decoding=\"async\" class=\"aligncenter size-full wp-image-2165\" alt=\"OLYMPUS DIGITAL CAMERA\" src=\"http:\/\/blog.maquetea.com\/wp-content\/uploads\/2015\/01\/LDR-04-23.jpg\" width=\"640\" height=\"360\" srcset=\"http:\/\/blog.maquetea.com\/wp-content\/uploads\/2015\/01\/LDR-04-23.jpg 800w, http:\/\/blog.maquetea.com\/wp-content\/uploads\/2015\/01\/LDR-04-23-300x168.jpg 300w\" sizes=\"(max-width: 640px) 100vw, 640px\" \/><\/a><\/p>\n<p style=\"text-align: justify;\">En la siguiente foto, vemos lo que corto de la parte trasera:<\/p>\n<p style=\"text-align: center;\"><a href=\"http:\/\/blog.maquetea.com\/wp-content\/uploads\/2015\/01\/LDR-04-36.jpg\"><img loading=\"lazy\" decoding=\"async\" alt=\"OLYMPUS DIGITAL CAMERA\" src=\"http:\/\/blog.maquetea.com\/wp-content\/uploads\/2015\/01\/LDR-04-36.jpg\" width=\"640\" height=\"360\" \/><\/a><\/p>\n<p style=\"text-align: justify;\">Y al ver que los laterales son m\u00e1s verticales, los corto y sustituyo con l\u00e1mina de Evergreen:<\/p>\n<p style=\"text-align: center;\"><a href=\"http:\/\/blog.maquetea.com\/wp-content\/uploads\/2015\/01\/LDR-04-27.jpg\"><img loading=\"lazy\" decoding=\"async\" class=\"aligncenter size-full wp-image-2168\" alt=\"OLYMPUS DIGITAL CAMERA\" src=\"http:\/\/blog.maquetea.com\/wp-content\/uploads\/2015\/01\/LDR-04-27.jpg\" width=\"640\" height=\"360\" srcset=\"http:\/\/blog.maquetea.com\/wp-content\/uploads\/2015\/01\/LDR-04-27.jpg 800w, http:\/\/blog.maquetea.com\/wp-content\/uploads\/2015\/01\/LDR-04-27-300x168.jpg 300w\" sizes=\"(max-width: 640px) 100vw, 640px\" \/><\/a><\/p>\n<p style=\"text-align: justify;\">Lo coloco en el chasis, y comienzo a hacer la parte trasera. Hay una barra transversal que en la cuna original era recta, y en realidad tiene diferentes planos. Ponemos una l\u00e1mina y a partir de ah\u00ed, empezamos a trabajar:<\/p>\n<p style=\"text-align: center;\"><a href=\"http:\/\/blog.maquetea.com\/wp-content\/uploads\/2015\/01\/LDR-04-26.jpg\"><img loading=\"lazy\" decoding=\"async\" class=\"aligncenter size-full wp-image-2167\" alt=\"OLYMPUS DIGITAL CAMERA\" src=\"http:\/\/blog.maquetea.com\/wp-content\/uploads\/2015\/01\/LDR-04-26.jpg\" width=\"640\" height=\"360\" srcset=\"http:\/\/blog.maquetea.com\/wp-content\/uploads\/2015\/01\/LDR-04-26.jpg 800w, http:\/\/blog.maquetea.com\/wp-content\/uploads\/2015\/01\/LDR-04-26-300x168.jpg 300w\" sizes=\"(max-width: 640px) 100vw, 640px\" \/><\/a><\/p>\n<p style=\"text-align: justify;\">Dibujamos, cortamos y hacemos la trasera, de acuerdo a las formas de la base:<\/p>\n<p style=\"text-align: center;\"><a href=\"http:\/\/blog.maquetea.com\/wp-content\/uploads\/2015\/01\/LDR-04-25.jpg\"><img loading=\"lazy\" decoding=\"async\" class=\"aligncenter size-full wp-image-2166\" alt=\"OLYMPUS DIGITAL CAMERA\" src=\"http:\/\/blog.maquetea.com\/wp-content\/uploads\/2015\/01\/LDR-04-25.jpg\" width=\"640\" height=\"360\" srcset=\"http:\/\/blog.maquetea.com\/wp-content\/uploads\/2015\/01\/LDR-04-25.jpg 800w, http:\/\/blog.maquetea.com\/wp-content\/uploads\/2015\/01\/LDR-04-25-300x168.jpg 300w\" sizes=\"(max-width: 640px) 100vw, 640px\" \/><\/a><\/p>\n<p style=\"text-align: justify;\"><a href=\"http:\/\/blog.maquetea.com\/wp-content\/uploads\/2015\/01\/LDR-04-36.jpg\">R<\/a>ellenamos con l\u00e1mina por la parte superior, esperando a finalizarla despu\u00e9s de aplicar masilla, la cual pondr\u00e9 por todo el chasis m\u00e1s adelante. Tambi\u00e9n vemos dos ensanches en cada lado de la parte central, que ser\u00e1 donde se sujeten los asientos, y que se han eliminado todas las formas que exist\u00edan sobre dicha superficie:<\/p>\n<p style=\"text-align: center;\"><a href=\"http:\/\/blog.maquetea.com\/wp-content\/uploads\/2015\/01\/LDR-04-38.jpg\"><img loading=\"lazy\" decoding=\"async\" class=\"aligncenter size-full wp-image-2173\" alt=\"OLYMPUS DIGITAL CAMERA\" src=\"http:\/\/blog.maquetea.com\/wp-content\/uploads\/2015\/01\/LDR-04-38.jpg\" width=\"640\" height=\"360\" srcset=\"http:\/\/blog.maquetea.com\/wp-content\/uploads\/2015\/01\/LDR-04-38.jpg 800w, http:\/\/blog.maquetea.com\/wp-content\/uploads\/2015\/01\/LDR-04-38-300x168.jpg 300w\" sizes=\"(max-width: 640px) 100vw, 640px\" \/><\/a><\/p>\n<p style=\"text-align: justify;\">Vemos el conjunto:<\/p>\n<p style=\"text-align: center;\"><a href=\"http:\/\/blog.maquetea.com\/wp-content\/uploads\/2015\/01\/LDR-04-42.jpg\"><img loading=\"lazy\" decoding=\"async\" class=\"aligncenter size-full wp-image-2175\" alt=\"OLYMPUS DIGITAL CAMERA\" src=\"http:\/\/blog.maquetea.com\/wp-content\/uploads\/2015\/01\/LDR-04-42.jpg\" width=\"640\" height=\"360\" srcset=\"http:\/\/blog.maquetea.com\/wp-content\/uploads\/2015\/01\/LDR-04-42.jpg 800w, http:\/\/blog.maquetea.com\/wp-content\/uploads\/2015\/01\/LDR-04-42-300x168.jpg 300w\" sizes=\"(max-width: 640px) 100vw, 640px\" \/><\/a><\/p>\n<p style=\"text-align: justify;\">En la siguiente, he a\u00f1adido una l\u00e1mina que tapar\u00e1 los agujeros resultantes del corte anterior<\/p>\n<p style=\"text-align: center;\"><a href=\"http:\/\/blog.maquetea.com\/wp-content\/uploads\/2015\/01\/LDR-04-45.jpg\"><img loading=\"lazy\" decoding=\"async\" class=\"aligncenter size-full wp-image-2176\" alt=\"OLYMPUS DIGITAL CAMERA\" src=\"http:\/\/blog.maquetea.com\/wp-content\/uploads\/2015\/01\/LDR-04-45.jpg\" width=\"640\" height=\"360\" srcset=\"http:\/\/blog.maquetea.com\/wp-content\/uploads\/2015\/01\/LDR-04-45.jpg 800w, http:\/\/blog.maquetea.com\/wp-content\/uploads\/2015\/01\/LDR-04-45-300x168.jpg 300w\" sizes=\"(max-width: 640px) 100vw, 640px\" \/><\/a><\/p>\n<p style=\"text-align: center;\"><a href=\"http:\/\/blog.maquetea.com\/wp-content\/uploads\/2015\/01\/LDR-04-46.jpg\"><img loading=\"lazy\" decoding=\"async\" class=\"aligncenter size-full wp-image-2177\" alt=\"OLYMPUS DIGITAL CAMERA\" src=\"http:\/\/blog.maquetea.com\/wp-content\/uploads\/2015\/01\/LDR-04-46.jpg\" width=\"640\" height=\"360\" srcset=\"http:\/\/blog.maquetea.com\/wp-content\/uploads\/2015\/01\/LDR-04-46.jpg 800w, http:\/\/blog.maquetea.com\/wp-content\/uploads\/2015\/01\/LDR-04-46-300x168.jpg 300w\" sizes=\"(max-width: 640px) 100vw, 640px\" \/><\/a><\/p>\n<p style=\"text-align: justify;\">Y empezamos a hacer las fijaciones de los asientos, juntando tiras de pl\u00e1stico y limando:<\/p>\n<p style=\"text-align: center;\"><a href=\"http:\/\/blog.maquetea.com\/wp-content\/uploads\/2015\/01\/LDR-04-52.jpg\"><img loading=\"lazy\" decoding=\"async\" class=\"aligncenter size-full wp-image-2178\" alt=\"OLYMPUS DIGITAL CAMERA\" src=\"http:\/\/blog.maquetea.com\/wp-content\/uploads\/2015\/01\/LDR-04-52.jpg\" width=\"640\" height=\"360\" srcset=\"http:\/\/blog.maquetea.com\/wp-content\/uploads\/2015\/01\/LDR-04-52.jpg 800w, http:\/\/blog.maquetea.com\/wp-content\/uploads\/2015\/01\/LDR-04-52-300x168.jpg 300w\" sizes=\"(max-width: 640px) 100vw, 640px\" \/><\/a><\/p>\n<p style=\"text-align: justify;\">Pero viendo esa pieza central, me da la sensaci\u00f3n que es muy grande, con lo que decido eliminarla y usar directamente el chasis. Empezamos dando forma y profundidad a dichas sujeciones y a la central, con l\u00e1mina fina recortada:<\/p>\n<p style=\"text-align: center;\"><a href=\"http:\/\/blog.maquetea.com\/wp-content\/uploads\/2015\/01\/LDR-04-54.jpg\"><img loading=\"lazy\" decoding=\"async\" class=\"aligncenter size-full wp-image-2179\" alt=\"OLYMPUS DIGITAL CAMERA\" src=\"http:\/\/blog.maquetea.com\/wp-content\/uploads\/2015\/01\/LDR-04-54.jpg\" width=\"640\" height=\"360\" srcset=\"http:\/\/blog.maquetea.com\/wp-content\/uploads\/2015\/01\/LDR-04-54.jpg 800w, http:\/\/blog.maquetea.com\/wp-content\/uploads\/2015\/01\/LDR-04-54-300x168.jpg 300w\" sizes=\"(max-width: 640px) 100vw, 640px\" \/><\/a><\/p>\n<p style=\"text-align: center;\"><a href=\"http:\/\/blog.maquetea.com\/wp-content\/uploads\/2015\/01\/LDR-04-57.jpg\"><img loading=\"lazy\" decoding=\"async\" class=\"aligncenter size-full wp-image-2180\" alt=\"OLYMPUS DIGITAL CAMERA\" src=\"http:\/\/blog.maquetea.com\/wp-content\/uploads\/2015\/01\/LDR-04-57.jpg\" width=\"640\" height=\"360\" srcset=\"http:\/\/blog.maquetea.com\/wp-content\/uploads\/2015\/01\/LDR-04-57.jpg 800w, http:\/\/blog.maquetea.com\/wp-content\/uploads\/2015\/01\/LDR-04-57-300x168.jpg 300w\" sizes=\"(max-width: 640px) 100vw, 640px\" \/><\/a><\/p>\n<p style=\"text-align: justify;\">Y l\u00f3gicamente, vamos dibujando, recortando y lijando, todos los nervios que lleva el chasis, al cual hemos recubierto toda la base:<\/p>\n<p style=\"text-align: center;\"><a href=\"http:\/\/blog.maquetea.com\/wp-content\/uploads\/2015\/01\/LDR-04-61.jpg\"><img loading=\"lazy\" decoding=\"async\" class=\"aligncenter size-full wp-image-2182\" alt=\"OLYMPUS DIGITAL CAMERA\" src=\"http:\/\/blog.maquetea.com\/wp-content\/uploads\/2015\/01\/LDR-04-61.jpg\" width=\"640\" height=\"360\" srcset=\"http:\/\/blog.maquetea.com\/wp-content\/uploads\/2015\/01\/LDR-04-61.jpg 800w, http:\/\/blog.maquetea.com\/wp-content\/uploads\/2015\/01\/LDR-04-61-300x168.jpg 300w\" sizes=\"(max-width: 640px) 100vw, 640px\" \/><\/a><\/p>\n<p style=\"text-align: justify;\">Una muestra de la situaci\u00f3n actual, incluyendo los laterales a\u00f1adidos en la separaci\u00f3n del maletero, y un dibujo inicial de los nervios de la parte trasera, entre los pasos de rueda, as\u00ed como las sujeciones traseras de los asientos, pegadas a la parte central como en los laterales:<\/p>\n<p style=\"text-align: center;\"><a href=\"http:\/\/blog.maquetea.com\/wp-content\/uploads\/2015\/01\/LDR-04-66.jpg\"><img loading=\"lazy\" decoding=\"async\" class=\"aligncenter size-full wp-image-2156\" alt=\"OLYMPUS DIGITAL CAMERA\" src=\"http:\/\/blog.maquetea.com\/wp-content\/uploads\/2015\/01\/LDR-04-66.jpg\" width=\"640\" height=\"360\" srcset=\"http:\/\/blog.maquetea.com\/wp-content\/uploads\/2015\/01\/LDR-04-66.jpg 800w, http:\/\/blog.maquetea.com\/wp-content\/uploads\/2015\/01\/LDR-04-66-300x168.jpg 300w\" sizes=\"(max-width: 640px) 100vw, 640px\" \/><\/a><\/p>\n<p style=\"text-align: justify;\">Y como hay que ir viendo las fijaciones de todas las piezas, una foto donde muestro las barras del arco laterales junto al salpicadero. De esta foto aparece que tengo que aumentar los laterales del salpicadero, y alargar el arco para que se junte con lso pilares delanteros de la carrocer\u00eda:<\/p>\n<p style=\"text-align: center;\"><a href=\"http:\/\/blog.maquetea.com\/wp-content\/uploads\/2015\/01\/LDR-04-59.jpg\"><img loading=\"lazy\" decoding=\"async\" class=\"aligncenter size-full wp-image-2181\" alt=\"OLYMPUS DIGITAL CAMERA\" src=\"http:\/\/blog.maquetea.com\/wp-content\/uploads\/2015\/01\/LDR-04-59.jpg\" width=\"640\" height=\"360\" srcset=\"http:\/\/blog.maquetea.com\/wp-content\/uploads\/2015\/01\/LDR-04-59.jpg 800w, http:\/\/blog.maquetea.com\/wp-content\/uploads\/2015\/01\/LDR-04-59-300x168.jpg 300w\" sizes=\"(max-width: 640px) 100vw, 640px\" \/><\/a><\/p>\n<p style=\"text-align: justify;\">Lo siguiente ser\u00e1 terminar de poner piezas en chasis superior, enmasillar y pegar los nervios.<\/p>\n<p style=\"text-align: justify;\">Gracias por mirar y comentar!!<\/p>\n","protected":false},"excerpt":{"rendered":"<p>En la entrada anterior, dejamos el Lancia con todo abierto, pero hab\u00eda que seguir asegurando la carrocer\u00eda para que no se partiera por sus partes estrechas como es el caso del parabrisas delantero. Por tanto, con l\u00e1mina de Evergreen, le &hellip; <a href=\"http:\/\/blog.maquetea.com\/?p=2183\">Continue reading <span class=\"meta-nav\">&rarr;<\/span><\/a><\/p>\n","protected":false},"author":1,"featured_media":0,"comment_status":"open","ping_status":"open","sticky":false,"template":"","format":"standard","meta":{"footnotes":""},"categories":[204],"tags":[145,160,105],"_links":{"self":[{"href":"http:\/\/blog.maquetea.com\/index.php?rest_route=\/wp\/v2\/posts\/2183"}],"collection":[{"href":"http:\/\/blog.maquetea.com\/index.php?rest_route=\/wp\/v2\/posts"}],"about":[{"href":"http:\/\/blog.maquetea.com\/index.php?rest_route=\/wp\/v2\/types\/post"}],"author":[{"embeddable":true,"href":"http:\/\/blog.maquetea.com\/index.php?rest_route=\/wp\/v2\/users\/1"}],"replies":[{"embeddable":true,"href":"http:\/\/blog.maquetea.com\/index.php?rest_route=%2Fwp%2Fv2%2Fcomments&post=2183"}],"version-history":[{"count":6,"href":"http:\/\/blog.maquetea.com\/index.php?rest_route=\/wp\/v2\/posts\/2183\/revisions"}],"predecessor-version":[{"id":2189,"href":"http:\/\/blog.maquetea.com\/index.php?rest_route=\/wp\/v2\/posts\/2183\/revisions\/2189"}],"wp:attachment":[{"href":"http:\/\/blog.maquetea.com\/index.php?rest_route=%2Fwp%2Fv2%2Fmedia&parent=2183"}],"wp:term":[{"taxonomy":"category","embeddable":true,"href":"http:\/\/blog.maquetea.com\/index.php?rest_route=%2Fwp%2Fv2%2Fcategories&post=2183"},{"taxonomy":"post_tag","embeddable":true,"href":"http:\/\/blog.maquetea.com\/index.php?rest_route=%2Fwp%2Fv2%2Ftags&post=2183"}],"curies":[{"name":"wp","href":"https:\/\/api.w.org\/{rel}","templated":true}]}}