{"id":1779,"date":"2014-08-31T20:12:46","date_gmt":"2014-08-31T18:12:46","guid":{"rendered":"http:\/\/blog.maquetea.com\/?p=1779"},"modified":"2014-08-31T20:13:56","modified_gmt":"2014-08-31T18:13:56","slug":"mfd-nueva-marca-de-modelismo","status":"publish","type":"post","link":"http:\/\/blog.maquetea.com\/?p=1779","title":{"rendered":"MFD: nueva marca de modelismo"},"content":{"rendered":"<p style=\"text-align: justify;\">Despu\u00e9s del par\u00f3n veraniego, traigo una nueva marca que comienza en el mercado espa\u00f1ol. Sus objetivos son primeramente, trabajar sobre pedido seg\u00fan me ha contado el creador en persona. Despu\u00e9s, el futuro dir\u00e1&#8230;. Se llama MFD. Aqu\u00ed veis su primera caja:<\/p>\n<p style=\"text-align: center;\"><a href=\"http:\/\/blog.maquetea.com\/wp-content\/uploads\/2014\/08\/MFD-01-0.jpg\"><img loading=\"lazy\" decoding=\"async\" class=\"aligncenter size-full wp-image-1772\" alt=\"MFD 01 (0)\" src=\"http:\/\/blog.maquetea.com\/wp-content\/uploads\/2014\/08\/MFD-01-0.jpg\" width=\"640\" height=\"429\" srcset=\"http:\/\/blog.maquetea.com\/wp-content\/uploads\/2014\/08\/MFD-01-0.jpg 800w, http:\/\/blog.maquetea.com\/wp-content\/uploads\/2014\/08\/MFD-01-0-300x201.jpg 300w\" sizes=\"(max-width: 640px) 100vw, 640px\" \/><\/a><\/p>\n<p style=\"text-align: justify;\">Y para empezar, y como le gustan mucho los rallyes, ha hecho un TK del Porsche 911 SC grupo 4, que corri\u00f3 en los 80, con el famoso aler\u00f3n trasero de &#8220;pato&#8221;. Ha partido del 934 de Tamiya, y se compone de carrocer\u00eda completa:<\/p>\n<p style=\"text-align: center;\"><a href=\"http:\/\/blog.maquetea.com\/wp-content\/uploads\/2014\/08\/MFD-01-5.jpg\"><img loading=\"lazy\" decoding=\"async\" class=\"aligncenter size-full wp-image-1777\" alt=\"MFD 01 (5)\" src=\"http:\/\/blog.maquetea.com\/wp-content\/uploads\/2014\/08\/MFD-01-5.jpg\" width=\"640\" height=\"429\" srcset=\"http:\/\/blog.maquetea.com\/wp-content\/uploads\/2014\/08\/MFD-01-5.jpg 800w, http:\/\/blog.maquetea.com\/wp-content\/uploads\/2014\/08\/MFD-01-5-300x201.jpg 300w\" sizes=\"(max-width: 640px) 100vw, 640px\" \/><\/a> <a href=\"http:\/\/blog.maquetea.com\/wp-content\/uploads\/2014\/08\/MFD-01-4.jpg\"><img loading=\"lazy\" decoding=\"async\" class=\"aligncenter size-full wp-image-1776\" alt=\"MFD 01 (4)\" src=\"http:\/\/blog.maquetea.com\/wp-content\/uploads\/2014\/08\/MFD-01-4.jpg\" width=\"640\" height=\"429\" srcset=\"http:\/\/blog.maquetea.com\/wp-content\/uploads\/2014\/08\/MFD-01-4.jpg 800w, http:\/\/blog.maquetea.com\/wp-content\/uploads\/2014\/08\/MFD-01-4-300x201.jpg 300w\" sizes=\"(max-width: 640px) 100vw, 640px\" \/><\/a> <a href=\"http:\/\/blog.maquetea.com\/wp-content\/uploads\/2014\/08\/MFD-01-3.jpg\"><img loading=\"lazy\" decoding=\"async\" class=\"aligncenter size-full wp-image-1775\" alt=\"MFD 01 (3)\" src=\"http:\/\/blog.maquetea.com\/wp-content\/uploads\/2014\/08\/MFD-01-3.jpg\" width=\"640\" height=\"429\" srcset=\"http:\/\/blog.maquetea.com\/wp-content\/uploads\/2014\/08\/MFD-01-3.jpg 800w, http:\/\/blog.maquetea.com\/wp-content\/uploads\/2014\/08\/MFD-01-3-300x201.jpg 300w\" sizes=\"(max-width: 640px) 100vw, 640px\" \/><\/a> <a href=\"http:\/\/blog.maquetea.com\/wp-content\/uploads\/2014\/08\/MFD-01-2.jpg\"><img loading=\"lazy\" decoding=\"async\" class=\"aligncenter size-full wp-image-1774\" alt=\"MFD 01 (2)\" src=\"http:\/\/blog.maquetea.com\/wp-content\/uploads\/2014\/08\/MFD-01-2.jpg\" width=\"640\" height=\"429\" srcset=\"http:\/\/blog.maquetea.com\/wp-content\/uploads\/2014\/08\/MFD-01-2.jpg 800w, http:\/\/blog.maquetea.com\/wp-content\/uploads\/2014\/08\/MFD-01-2-300x201.jpg 300w\" sizes=\"(max-width: 640px) 100vw, 640px\" \/><\/a> <a href=\"http:\/\/blog.maquetea.com\/wp-content\/uploads\/2014\/08\/MFD-01-6.jpg\"><img loading=\"lazy\" decoding=\"async\" class=\"aligncenter size-full wp-image-1778\" alt=\"MFD 01 (6)\" src=\"http:\/\/blog.maquetea.com\/wp-content\/uploads\/2014\/08\/MFD-01-6.jpg\" width=\"640\" height=\"429\" srcset=\"http:\/\/blog.maquetea.com\/wp-content\/uploads\/2014\/08\/MFD-01-6.jpg 800w, http:\/\/blog.maquetea.com\/wp-content\/uploads\/2014\/08\/MFD-01-6-300x201.jpg 300w\" sizes=\"(max-width: 640px) 100vw, 640px\" \/><\/a><\/p>\n<p style=\"text-align: center;\"><a href=\"http:\/\/blog.maquetea.com\/wp-content\/uploads\/2014\/08\/MFD-01-7.jpg\"><img loading=\"lazy\" decoding=\"async\" class=\"aligncenter size-full wp-image-1764\" alt=\"MFD 01 (7)\" src=\"http:\/\/blog.maquetea.com\/wp-content\/uploads\/2014\/08\/MFD-01-7.jpg\" width=\"640\" height=\"429\" srcset=\"http:\/\/blog.maquetea.com\/wp-content\/uploads\/2014\/08\/MFD-01-7.jpg 800w, http:\/\/blog.maquetea.com\/wp-content\/uploads\/2014\/08\/MFD-01-7-300x201.jpg 300w\" sizes=\"(max-width: 640px) 100vw, 640px\" \/><\/a><\/p>\n<p>unos extras que son: llantas, asientos, cristales, faros cuneteros, parrilla de faros y unos extras para el salpicadero, adem\u00e1s de unas peque\u00f1as instrucciones:<\/p>\n<p style=\"text-align: justify;\"><a href=\"http:\/\/blog.maquetea.com\/wp-content\/uploads\/2014\/08\/MFD-01-1.jpg\"><img loading=\"lazy\" decoding=\"async\" class=\"aligncenter size-full wp-image-1773\" alt=\"MFD 01 (1)\" src=\"http:\/\/blog.maquetea.com\/wp-content\/uploads\/2014\/08\/MFD-01-1.jpg\" width=\"640\" height=\"429\" srcset=\"http:\/\/blog.maquetea.com\/wp-content\/uploads\/2014\/08\/MFD-01-1.jpg 800w, http:\/\/blog.maquetea.com\/wp-content\/uploads\/2014\/08\/MFD-01-1-300x201.jpg 300w\" sizes=\"(max-width: 640px) 100vw, 640px\" \/><\/a>Y con este TK, podemos hacer como ejemplo, las dos siguiente maquetas: Porsche 911 SC de Zanini cuando gan\u00f3 el campeonato de Europa, y el de Beny Fernandez, con el patrocinio de Rothmans. Aqu\u00ed os paso unas fotos de creador del TK:<\/p>\n<p style=\"text-align: center;\"><a href=\"http:\/\/blog.maquetea.com\/wp-content\/uploads\/2014\/08\/911-Zanini-3.jpg\"><img loading=\"lazy\" decoding=\"async\" class=\"aligncenter size-full wp-image-1771\" alt=\"911 Zanini 3\" src=\"http:\/\/blog.maquetea.com\/wp-content\/uploads\/2014\/08\/911-Zanini-3.jpg\" width=\"640\" height=\"480\" srcset=\"http:\/\/blog.maquetea.com\/wp-content\/uploads\/2014\/08\/911-Zanini-3.jpg 800w, http:\/\/blog.maquetea.com\/wp-content\/uploads\/2014\/08\/911-Zanini-3-300x225.jpg 300w\" sizes=\"(max-width: 640px) 100vw, 640px\" \/><\/a> <a href=\"http:\/\/blog.maquetea.com\/wp-content\/uploads\/2014\/08\/911-Zanini-2.jpg\"><img loading=\"lazy\" decoding=\"async\" class=\"aligncenter size-full wp-image-1770\" alt=\"911 Zanini 2\" src=\"http:\/\/blog.maquetea.com\/wp-content\/uploads\/2014\/08\/911-Zanini-2.jpg\" width=\"640\" height=\"480\" srcset=\"http:\/\/blog.maquetea.com\/wp-content\/uploads\/2014\/08\/911-Zanini-2.jpg 800w, http:\/\/blog.maquetea.com\/wp-content\/uploads\/2014\/08\/911-Zanini-2-300x225.jpg 300w\" sizes=\"(max-width: 640px) 100vw, 640px\" \/><\/a> <a href=\"http:\/\/blog.maquetea.com\/wp-content\/uploads\/2014\/08\/911-Zanini-1.jpg\"><img loading=\"lazy\" decoding=\"async\" class=\"aligncenter size-full wp-image-1769\" alt=\"911 Zanini 1\" src=\"http:\/\/blog.maquetea.com\/wp-content\/uploads\/2014\/08\/911-Zanini-1.jpg\" width=\"640\" height=\"481\" srcset=\"http:\/\/blog.maquetea.com\/wp-content\/uploads\/2014\/08\/911-Zanini-1.jpg 800w, http:\/\/blog.maquetea.com\/wp-content\/uploads\/2014\/08\/911-Zanini-1-300x225.jpg 300w\" sizes=\"(max-width: 640px) 100vw, 640px\" \/><\/a> <a href=\"http:\/\/blog.maquetea.com\/wp-content\/uploads\/2014\/08\/911-Beny-4.jpg\"><img loading=\"lazy\" decoding=\"async\" class=\"aligncenter size-full wp-image-1768\" alt=\"911 Beny 4\" src=\"http:\/\/blog.maquetea.com\/wp-content\/uploads\/2014\/08\/911-Beny-4.jpg\" width=\"640\" height=\"480\" srcset=\"http:\/\/blog.maquetea.com\/wp-content\/uploads\/2014\/08\/911-Beny-4.jpg 800w, http:\/\/blog.maquetea.com\/wp-content\/uploads\/2014\/08\/911-Beny-4-300x225.jpg 300w\" sizes=\"(max-width: 640px) 100vw, 640px\" \/><\/a> <a href=\"http:\/\/blog.maquetea.com\/wp-content\/uploads\/2014\/08\/911-Beny-3.jpg\"><img loading=\"lazy\" decoding=\"async\" class=\"aligncenter size-full wp-image-1767\" alt=\"911 Beny 3\" src=\"http:\/\/blog.maquetea.com\/wp-content\/uploads\/2014\/08\/911-Beny-3.jpg\" width=\"640\" height=\"480\" srcset=\"http:\/\/blog.maquetea.com\/wp-content\/uploads\/2014\/08\/911-Beny-3.jpg 800w, http:\/\/blog.maquetea.com\/wp-content\/uploads\/2014\/08\/911-Beny-3-300x225.jpg 300w\" sizes=\"(max-width: 640px) 100vw, 640px\" \/><\/a> <a href=\"http:\/\/blog.maquetea.com\/wp-content\/uploads\/2014\/08\/911-Beny-2.jpg\"><img loading=\"lazy\" decoding=\"async\" class=\"aligncenter size-full wp-image-1766\" alt=\"911 Beny 2\" src=\"http:\/\/blog.maquetea.com\/wp-content\/uploads\/2014\/08\/911-Beny-2.jpg\" width=\"640\" height=\"480\" srcset=\"http:\/\/blog.maquetea.com\/wp-content\/uploads\/2014\/08\/911-Beny-2.jpg 800w, http:\/\/blog.maquetea.com\/wp-content\/uploads\/2014\/08\/911-Beny-2-300x225.jpg 300w\" sizes=\"(max-width: 640px) 100vw, 640px\" \/><\/a> <a href=\"http:\/\/blog.maquetea.com\/wp-content\/uploads\/2014\/08\/911-Beny-1.jpg\"><img loading=\"lazy\" decoding=\"async\" class=\"aligncenter size-full wp-image-1765\" alt=\"911 Beny 1\" src=\"http:\/\/blog.maquetea.com\/wp-content\/uploads\/2014\/08\/911-Beny-1.jpg\" width=\"640\" height=\"480\" srcset=\"http:\/\/blog.maquetea.com\/wp-content\/uploads\/2014\/08\/911-Beny-1.jpg 800w, http:\/\/blog.maquetea.com\/wp-content\/uploads\/2014\/08\/911-Beny-1-300x225.jpg 300w\" sizes=\"(max-width: 640px) 100vw, 640px\" \/><\/a><\/p>\n<p>\u00a0Esperemos que no se acabe aqu\u00ed y pueda deleitarnos con m\u00e1s maravillas!!<\/p>\n<p style=\"text-align: justify;\">Si est\u00e1is interesados, poneos en contacto con \u00e9l a trav\u00e9s de su blog:<\/p>\n<p style=\"text-align: justify;\"><a href=\"http:\/\/miescala24.blogspot.com.es\/\">http:\/\/miescala24.blogspot.com.es\/<\/a><\/p>\n<p style=\"text-align: justify;\">Gracias por mirar y comentar!!<\/p>\n<p>&nbsp;<\/p>\n","protected":false},"excerpt":{"rendered":"<p>Despu\u00e9s del par\u00f3n veraniego, traigo una nueva marca que comienza en el mercado espa\u00f1ol. Sus objetivos son primeramente, trabajar sobre pedido seg\u00fan me ha contado el creador en persona. Despu\u00e9s, el futuro dir\u00e1&#8230;. Se llama MFD. Aqu\u00ed veis su primera &hellip; <a href=\"http:\/\/blog.maquetea.com\/?p=1779\">Continue reading <span class=\"meta-nav\">&rarr;<\/span><\/a><\/p>\n","protected":false},"author":1,"featured_media":0,"comment_status":"open","ping_status":"open","sticky":false,"template":"","format":"standard","meta":{"footnotes":""},"categories":[191],"tags":[],"_links":{"self":[{"href":"http:\/\/blog.maquetea.com\/index.php?rest_route=\/wp\/v2\/posts\/1779"}],"collection":[{"href":"http:\/\/blog.maquetea.com\/index.php?rest_route=\/wp\/v2\/posts"}],"about":[{"href":"http:\/\/blog.maquetea.com\/index.php?rest_route=\/wp\/v2\/types\/post"}],"author":[{"embeddable":true,"href":"http:\/\/blog.maquetea.com\/index.php?rest_route=\/wp\/v2\/users\/1"}],"replies":[{"embeddable":true,"href":"http:\/\/blog.maquetea.com\/index.php?rest_route=%2Fwp%2Fv2%2Fcomments&post=1779"}],"version-history":[{"count":3,"href":"http:\/\/blog.maquetea.com\/index.php?rest_route=\/wp\/v2\/posts\/1779\/revisions"}],"predecessor-version":[{"id":1782,"href":"http:\/\/blog.maquetea.com\/index.php?rest_route=\/wp\/v2\/posts\/1779\/revisions\/1782"}],"wp:attachment":[{"href":"http:\/\/blog.maquetea.com\/index.php?rest_route=%2Fwp%2Fv2%2Fmedia&parent=1779"}],"wp:term":[{"taxonomy":"category","embeddable":true,"href":"http:\/\/blog.maquetea.com\/index.php?rest_route=%2Fwp%2Fv2%2Fcategories&post=1779"},{"taxonomy":"post_tag","embeddable":true,"href":"http:\/\/blog.maquetea.com\/index.php?rest_route=%2Fwp%2Fv2%2Ftags&post=1779"}],"curies":[{"name":"wp","href":"https:\/\/api.w.org\/{rel}","templated":true}]}}