{"id":1749,"date":"2014-07-05T18:29:48","date_gmt":"2014-07-05T16:29:48","guid":{"rendered":"http:\/\/blog.maquetea.com\/?p=1749"},"modified":"2014-08-03T16:42:51","modified_gmt":"2014-08-03T14:42:51","slug":"ferrari-308-gtb-a-zanini-1984-124-vi","status":"publish","type":"post","link":"http:\/\/blog.maquetea.com\/?p=1749","title":{"rendered":"Ferrari 308 GTB A. Zanini 1984 1\/24 (VI)"},"content":{"rendered":"<p style=\"text-align: justify;\">Despu\u00e9s de un mes sin postear nada, aqu\u00ed os traigo algunos avances del Ferrari de Zanini. Empezamos por rellenar los pasos de rueda. Si veis en las dos fotos siguientes, tanto delante como detr\u00e1s, el hueco por el paso de rueda entre el chasis y la carrocer\u00eda, es enorme:<\/p>\n<p style=\"text-align: center;\"><a href=\"http:\/\/blog.maquetea.com\/wp-content\/uploads\/2014\/07\/308-06-5.jpg\"><img loading=\"lazy\" decoding=\"async\" class=\"aligncenter size-full wp-image-1725\" alt=\"308 06 (5)\" src=\"http:\/\/blog.maquetea.com\/wp-content\/uploads\/2014\/07\/308-06-5.jpg\" width=\"640\" height=\"429\" srcset=\"http:\/\/blog.maquetea.com\/wp-content\/uploads\/2014\/07\/308-06-5.jpg 800w, http:\/\/blog.maquetea.com\/wp-content\/uploads\/2014\/07\/308-06-5-300x201.jpg 300w\" sizes=\"(max-width: 640px) 100vw, 640px\" \/><\/a><\/p>\n<p style=\"text-align: center;\"><a href=\"http:\/\/blog.maquetea.com\/wp-content\/uploads\/2014\/07\/308-06-1.jpg\"><img loading=\"lazy\" decoding=\"async\" class=\"aligncenter size-full wp-image-1724\" alt=\"308 06 (1)\" src=\"http:\/\/blog.maquetea.com\/wp-content\/uploads\/2014\/07\/308-06-1.jpg\" width=\"640\" height=\"429\" srcset=\"http:\/\/blog.maquetea.com\/wp-content\/uploads\/2014\/07\/308-06-1.jpg 800w, http:\/\/blog.maquetea.com\/wp-content\/uploads\/2014\/07\/308-06-1-300x201.jpg 300w\" sizes=\"(max-width: 640px) 100vw, 640px\" \/><\/a><\/p>\n<p style=\"text-align: center;\">\n<p style=\"text-align: justify;\">Y apara rellenarlo, vamos aponer masilla epoxi de dos componentes debajo de los aletines en las carrocer\u00eda. Pero para ello, pondremos vaselina en los pasos de rueda del chasis, para que la masilla no se le adhiera.<\/p>\n<p style=\"text-align: center;\"><a href=\"http:\/\/blog.maquetea.com\/wp-content\/uploads\/2014\/07\/308-06-8.jpg\"><img loading=\"lazy\" decoding=\"async\" class=\"aligncenter size-full wp-image-1726\" alt=\"308 06 (8)\" src=\"http:\/\/blog.maquetea.com\/wp-content\/uploads\/2014\/07\/308-06-8.jpg\" width=\"640\" height=\"429\" srcset=\"http:\/\/blog.maquetea.com\/wp-content\/uploads\/2014\/07\/308-06-8.jpg 800w, http:\/\/blog.maquetea.com\/wp-content\/uploads\/2014\/07\/308-06-8-300x201.jpg 300w\" sizes=\"(max-width: 640px) 100vw, 640px\" \/><\/a><\/p>\n<p style=\"text-align: center;\">\n<p style=\"text-align: justify;\">Ponemos la vaselina con un pincel (para estas ocasiones, uso pinceles de los chinos, que van fen\u00f3meno y son m\u00e1s baratos):<\/p>\n<p style=\"text-align: center;\"><a href=\"http:\/\/blog.maquetea.com\/wp-content\/uploads\/2014\/07\/308-06-9.jpg\"><img loading=\"lazy\" decoding=\"async\" class=\"aligncenter size-full wp-image-1727\" alt=\"308 06 (9)\" src=\"http:\/\/blog.maquetea.com\/wp-content\/uploads\/2014\/07\/308-06-9.jpg\" width=\"640\" height=\"429\" srcset=\"http:\/\/blog.maquetea.com\/wp-content\/uploads\/2014\/07\/308-06-9.jpg 800w, http:\/\/blog.maquetea.com\/wp-content\/uploads\/2014\/07\/308-06-9-300x201.jpg 300w\" sizes=\"(max-width: 640px) 100vw, 640px\" \/><\/a><\/p>\n<p style=\"text-align: center;\">\n<p style=\"text-align: justify;\">Despu\u00e9s cortamos dos trozos de cada una de las barras de masilla, amasamos bien y lo ponemos en el hueco existente, con carrocer\u00eda y chasis puestos. Con la yema del dedo y agua, los alisamos sin problemas. Cuanto m\u00e1s lisos y perfectos, menos trabajaremos \u00a0con la lima y lija\u00a0despu\u00e9s de secarse:<\/p>\n<p style=\"text-align: center;\"><a href=\"http:\/\/blog.maquetea.com\/wp-content\/uploads\/2014\/07\/308-06-12.jpg\"><img loading=\"lazy\" decoding=\"async\" class=\"aligncenter size-full wp-image-1728\" alt=\"308 06 (12)\" src=\"http:\/\/blog.maquetea.com\/wp-content\/uploads\/2014\/07\/308-06-12.jpg\" width=\"640\" height=\"429\" srcset=\"http:\/\/blog.maquetea.com\/wp-content\/uploads\/2014\/07\/308-06-12.jpg 800w, http:\/\/blog.maquetea.com\/wp-content\/uploads\/2014\/07\/308-06-12-300x201.jpg 300w\" sizes=\"(max-width: 640px) 100vw, 640px\" \/><\/a><\/p>\n<p style=\"text-align: center;\">\n<p style=\"text-align: center;\"><a href=\"http:\/\/blog.maquetea.com\/wp-content\/uploads\/2014\/07\/308-06-13.jpg\"><img loading=\"lazy\" decoding=\"async\" alt=\"308 06 (13)\" src=\"http:\/\/blog.maquetea.com\/wp-content\/uploads\/2014\/07\/308-06-13.jpg\" width=\"640\" height=\"429\" \/><\/a><\/p>\n<p style=\"text-align: center;\">\n<p style=\"text-align: justify;\">Una vez seco y sin el chasis, comprobamos como ha quedado. Y para una mayor solidez, le pongo ciano por la uni\u00f3n interior:<\/p>\n<p style=\"text-align: center;\">\n<p style=\"text-align: center;\"><a href=\"http:\/\/blog.maquetea.com\/wp-content\/uploads\/2014\/07\/308-06-0.jpg\"><img loading=\"lazy\" decoding=\"async\" alt=\"308 06 (0)\" src=\"http:\/\/blog.maquetea.com\/wp-content\/uploads\/2014\/07\/308-06-0.jpg\" width=\"640\" height=\"429\" \/><\/a><\/p>\n<p style=\"text-align: justify;\"><a href=\"http:\/\/blog.maquetea.com\/wp-content\/uploads\/2014\/07\/308-06-13.jpg\">L<\/a>e damos una capa de imprimaci\u00f3n Gunze a pincel para ver fallos:<\/p>\n<p style=\"text-align: center;\"><a href=\"http:\/\/blog.maquetea.com\/wp-content\/uploads\/2014\/07\/308-06-23.jpg\"><img loading=\"lazy\" decoding=\"async\" class=\"aligncenter size-full wp-image-1731\" alt=\"308 06 (23)\" src=\"http:\/\/blog.maquetea.com\/wp-content\/uploads\/2014\/07\/308-06-23.jpg\" width=\"640\" height=\"429\" srcset=\"http:\/\/blog.maquetea.com\/wp-content\/uploads\/2014\/07\/308-06-23.jpg 800w, http:\/\/blog.maquetea.com\/wp-content\/uploads\/2014\/07\/308-06-23-300x201.jpg 300w\" sizes=\"(max-width: 640px) 100vw, 640px\" \/><\/a><\/p>\n<p style=\"text-align: justify;\"><a href=\"http:\/\/blog.maquetea.com\/wp-content\/uploads\/2014\/07\/308-06-0.jpg\">Y<\/a>\u00a0lijamos:<\/p>\n<p style=\"text-align: center;\"><a href=\"http:\/\/blog.maquetea.com\/wp-content\/uploads\/2014\/07\/308-06-24.jpg\"><img loading=\"lazy\" decoding=\"async\" class=\"aligncenter size-full wp-image-1732\" alt=\"308 06 (24)\" src=\"http:\/\/blog.maquetea.com\/wp-content\/uploads\/2014\/07\/308-06-24.jpg\" width=\"640\" height=\"429\" srcset=\"http:\/\/blog.maquetea.com\/wp-content\/uploads\/2014\/07\/308-06-24.jpg 800w, http:\/\/blog.maquetea.com\/wp-content\/uploads\/2014\/07\/308-06-24-300x201.jpg 300w\" sizes=\"(max-width: 640px) 100vw, 640px\" \/><\/a><\/p>\n<p style=\"text-align: center;\">\n<p style=\"text-align: justify;\">Vamos con el interior. Gracias a fotos del coche, veo que en el habit\u00e1culo existen unos refuerzos en los laterales. Cogemos list\u00f3n de Evergreen, cortamos en \u00e1ngulo y fijamos con BlueTack. Recortamos dos esquinazos de plancha de Evergreen:<\/p>\n<p style=\"text-align: center;\"><a href=\"http:\/\/blog.maquetea.com\/wp-content\/uploads\/2014\/07\/308-06-46.jpg\"><img loading=\"lazy\" decoding=\"async\" class=\"aligncenter size-full wp-image-1744\" alt=\"308 06 (46)\" src=\"http:\/\/blog.maquetea.com\/wp-content\/uploads\/2014\/07\/308-06-46.jpg\" width=\"640\" height=\"429\" srcset=\"http:\/\/blog.maquetea.com\/wp-content\/uploads\/2014\/07\/308-06-46.jpg 800w, http:\/\/blog.maquetea.com\/wp-content\/uploads\/2014\/07\/308-06-46-300x201.jpg 300w\" sizes=\"(max-width: 640px) 100vw, 640px\" \/><\/a><\/p>\n<p style=\"text-align: center;\">\n<p style=\"text-align: justify;\">Y los pegamos con ciano:<\/p>\n<p style=\"text-align: center;\"><a href=\"http:\/\/blog.maquetea.com\/wp-content\/uploads\/2014\/07\/308-06-45.jpg\"><img loading=\"lazy\" decoding=\"async\" class=\"aligncenter size-full wp-image-1743\" alt=\"308 06 (45)\" src=\"http:\/\/blog.maquetea.com\/wp-content\/uploads\/2014\/07\/308-06-45.jpg\" width=\"640\" height=\"429\" srcset=\"http:\/\/blog.maquetea.com\/wp-content\/uploads\/2014\/07\/308-06-45.jpg 800w, http:\/\/blog.maquetea.com\/wp-content\/uploads\/2014\/07\/308-06-45-300x201.jpg 300w\" sizes=\"(max-width: 640px) 100vw, 640px\" \/><\/a><\/p>\n<p style=\"text-align: center;\">\n<p style=\"text-align: justify;\">Los sacamos y lijamos el borde redondeandolo por el v\u00e9rtice superior, fijando ambas piezas en el chasis..<\/p>\n<p style=\"text-align: center;\"><a href=\"http:\/\/blog.maquetea.com\/wp-content\/uploads\/2014\/07\/308-06-44.jpg\"><img loading=\"lazy\" decoding=\"async\" class=\"aligncenter size-full wp-image-1742\" alt=\"308 06 (44)\" src=\"http:\/\/blog.maquetea.com\/wp-content\/uploads\/2014\/07\/308-06-44.jpg\" width=\"640\" height=\"429\" srcset=\"http:\/\/blog.maquetea.com\/wp-content\/uploads\/2014\/07\/308-06-44.jpg 800w, http:\/\/blog.maquetea.com\/wp-content\/uploads\/2014\/07\/308-06-44-300x201.jpg 300w\" sizes=\"(max-width: 640px) 100vw, 640px\" \/><\/a><\/p>\n<p style=\"text-align: center;\">\n<p style=\"text-align: justify;\">Ahora vamos a hacer el reposapi\u00e9s izquierdo. Con l\u00e1ta de refresco, marcamos con la regla y el cutter, y marcamos los orificios con esa rueda dentada usada para hacer patrones. Reafirmamos los puntos con un punz\u00f3n y los taladramos con una broca de mano.<\/p>\n<p style=\"text-align: center;\"><a href=\"http:\/\/blog.maquetea.com\/wp-content\/uploads\/2014\/07\/308-06-43.jpg\"><img loading=\"lazy\" decoding=\"async\" class=\"aligncenter size-full wp-image-1741\" alt=\"308 06 (43)\" src=\"http:\/\/blog.maquetea.com\/wp-content\/uploads\/2014\/07\/308-06-43.jpg\" width=\"640\" height=\"429\" srcset=\"http:\/\/blog.maquetea.com\/wp-content\/uploads\/2014\/07\/308-06-43.jpg 800w, http:\/\/blog.maquetea.com\/wp-content\/uploads\/2014\/07\/308-06-43-300x201.jpg 300w\" sizes=\"(max-width: 640px) 100vw, 640px\" \/><\/a><\/p>\n<p style=\"text-align: center;\">\n<p style=\"text-align: justify;\">Limamos los agujeros, cortamos doblando las l\u00edneas marcadas, y damos forma a la pieza ayudados por los alicates planos:<\/p>\n<p style=\"text-align: center;\"><a href=\"http:\/\/blog.maquetea.com\/wp-content\/uploads\/2014\/07\/308-06-42.jpg\"><img loading=\"lazy\" decoding=\"async\" class=\"aligncenter size-full wp-image-1740\" alt=\"308 06 (42)\" src=\"http:\/\/blog.maquetea.com\/wp-content\/uploads\/2014\/07\/308-06-42.jpg\" width=\"640\" height=\"429\" srcset=\"http:\/\/blog.maquetea.com\/wp-content\/uploads\/2014\/07\/308-06-42.jpg 800w, http:\/\/blog.maquetea.com\/wp-content\/uploads\/2014\/07\/308-06-42-300x201.jpg 300w\" sizes=\"(max-width: 640px) 100vw, 640px\" \/><\/a><\/p>\n<p style=\"text-align: center;\">\n<p style=\"text-align: justify;\">Ahora la fijamos al habit\u00e1culo junto a los pedales del kit, a los cuales hemos quitado el acelerador, sustituy\u00e9ndolo por uno hecho con la misma lata y la misma t\u00e9cnica.<\/p>\n<p style=\"text-align: center;\"><a href=\"http:\/\/blog.maquetea.com\/wp-content\/uploads\/2014\/07\/308-06-41.jpg\"><img loading=\"lazy\" decoding=\"async\" class=\"aligncenter size-full wp-image-1739\" alt=\"308 06 (41)\" src=\"http:\/\/blog.maquetea.com\/wp-content\/uploads\/2014\/07\/308-06-41.jpg\" width=\"640\" height=\"429\" srcset=\"http:\/\/blog.maquetea.com\/wp-content\/uploads\/2014\/07\/308-06-41.jpg 800w, http:\/\/blog.maquetea.com\/wp-content\/uploads\/2014\/07\/308-06-41-300x201.jpg 300w\" sizes=\"(max-width: 640px) 100vw, 640px\" \/><\/a><\/p>\n<p style=\"text-align: center;\">\n<p style=\"text-align: justify;\">Pasamos a la palanca de cambio. Al ser una barra muy gorda y con las l\u00edneas del molde grandes, la pongo en el minitaladro, y le doy forma redonda con una lima de grano 1200. Para que el minitaladro vaya despacio, su fuente de alimentaci\u00f3n es un transformador de tren el\u00e9ctrico a 12v. Perfecto!!<\/p>\n<p style=\"text-align: center;\"><a href=\"http:\/\/blog.maquetea.com\/wp-content\/uploads\/2014\/07\/308-06-39.jpg\"><img loading=\"lazy\" decoding=\"async\" class=\"aligncenter size-full wp-image-1738\" alt=\"308 06 (39)\" src=\"http:\/\/blog.maquetea.com\/wp-content\/uploads\/2014\/07\/308-06-39.jpg\" width=\"640\" height=\"429\" srcset=\"http:\/\/blog.maquetea.com\/wp-content\/uploads\/2014\/07\/308-06-39.jpg 800w, http:\/\/blog.maquetea.com\/wp-content\/uploads\/2014\/07\/308-06-39-300x201.jpg 300w\" sizes=\"(max-width: 640px) 100vw, 640px\" \/><\/a><\/p>\n<p style=\"text-align: center;\">\n<p style=\"text-align: justify;\">Una vez la bola est\u00e1 lista, cortamos el palo (mirad que gordo es!!), y le hacemos una muesca para su fijaci\u00f3n. El palo lo sustituimos por un alfiler cortado, el cual no se tendr\u00e1 ni que pintar:<\/p>\n<p style=\"text-align: center;\"><a href=\"http:\/\/blog.maquetea.com\/wp-content\/uploads\/2014\/07\/308-06-36.jpg\"><img loading=\"lazy\" decoding=\"async\" class=\"aligncenter size-full wp-image-1737\" alt=\"308 06 (36)\" src=\"http:\/\/blog.maquetea.com\/wp-content\/uploads\/2014\/07\/308-06-36.jpg\" width=\"640\" height=\"429\" srcset=\"http:\/\/blog.maquetea.com\/wp-content\/uploads\/2014\/07\/308-06-36.jpg 800w, http:\/\/blog.maquetea.com\/wp-content\/uploads\/2014\/07\/308-06-36-300x201.jpg 300w\" sizes=\"(max-width: 640px) 100vw, 640px\" \/><\/a><\/p>\n<p style=\"text-align: center;\">\n<p style=\"text-align: justify;\">Aqu\u00ed lo pongo superpuesto:<\/p>\n<p style=\"text-align: center;\"><a href=\"http:\/\/blog.maquetea.com\/wp-content\/uploads\/2014\/07\/308-06-32.jpg\"><img loading=\"lazy\" decoding=\"async\" class=\"aligncenter size-full wp-image-1736\" alt=\"308 06 (32)\" src=\"http:\/\/blog.maquetea.com\/wp-content\/uploads\/2014\/07\/308-06-32.jpg\" width=\"640\" height=\"429\" srcset=\"http:\/\/blog.maquetea.com\/wp-content\/uploads\/2014\/07\/308-06-32.jpg 800w, http:\/\/blog.maquetea.com\/wp-content\/uploads\/2014\/07\/308-06-32-300x201.jpg 300w\" sizes=\"(max-width: 640px) 100vw, 640px\" \/><\/a><\/p>\n<p style=\"text-align: center;\">\n<p style=\"text-align: justify;\">Seguimos con el interior, y ahora le toca el turno al reposapies del copiloto. De igual manera, marcamos las l\u00edneas con el cuter, y los agujeros con un punz\u00f3n.<\/p>\n<p style=\"text-align: center;\">\n<p style=\"text-align: center;\">\n<p style=\"text-align: center;\"><a href=\"http:\/\/blog.maquetea.com\/wp-content\/uploads\/2014\/07\/308-06-30.jpg\"><img loading=\"lazy\" decoding=\"async\" class=\"aligncenter size-full wp-image-1735\" alt=\"308 06 (30)\" src=\"http:\/\/blog.maquetea.com\/wp-content\/uploads\/2014\/07\/308-06-30.jpg\" width=\"640\" height=\"429\" srcset=\"http:\/\/blog.maquetea.com\/wp-content\/uploads\/2014\/07\/308-06-30.jpg 800w, http:\/\/blog.maquetea.com\/wp-content\/uploads\/2014\/07\/308-06-30-300x201.jpg 300w\" sizes=\"(max-width: 640px) 100vw, 640px\" \/><\/a><\/p>\n<p style=\"text-align: center;\">\n<p style=\"text-align: justify;\">Hacemos todos los agujeros con una broca de 1 mm, y pasamos los grandes con una broca de 3 mm. Repasamos con la lima cuadrada por debajo, y afinamos los agujeros con lima redonda:<\/p>\n<p style=\"text-align: center;\"><a href=\"http:\/\/blog.maquetea.com\/wp-content\/uploads\/2014\/07\/308-06-28.jpg\"><img loading=\"lazy\" decoding=\"async\" class=\"aligncenter size-full wp-image-1734\" alt=\"308 06 (28)\" src=\"http:\/\/blog.maquetea.com\/wp-content\/uploads\/2014\/07\/308-06-28.jpg\" width=\"640\" height=\"429\" srcset=\"http:\/\/blog.maquetea.com\/wp-content\/uploads\/2014\/07\/308-06-28.jpg 800w, http:\/\/blog.maquetea.com\/wp-content\/uploads\/2014\/07\/308-06-28-300x201.jpg 300w\" sizes=\"(max-width: 640px) 100vw, 640px\" \/><\/a><\/p>\n<p style=\"text-align: justify;\">Doblamos con alicates planos y lijamos bordes redondeando las esquina superiores. En su parte inferior, tiene doblada una tira para su fijaci\u00f3n en el chasis, y para que se vea bien aqu\u00ed, la he fijado al suelo con BlueTack, pero se ha salido un poco por abajo a la derecha:<\/p>\n<p style=\"text-align: center;\"><a href=\"http:\/\/blog.maquetea.com\/wp-content\/uploads\/2014\/07\/308-06-27.jpg\"><img loading=\"lazy\" decoding=\"async\" class=\"aligncenter size-full wp-image-1733\" alt=\"308 06 (27)\" src=\"http:\/\/blog.maquetea.com\/wp-content\/uploads\/2014\/07\/308-06-27.jpg\" width=\"640\" height=\"429\" srcset=\"http:\/\/blog.maquetea.com\/wp-content\/uploads\/2014\/07\/308-06-27.jpg 800w, http:\/\/blog.maquetea.com\/wp-content\/uploads\/2014\/07\/308-06-27-300x201.jpg 300w\" sizes=\"(max-width: 640px) 100vw, 640px\" \/><\/a><\/p>\n<p style=\"text-align: center;\">\n<p style=\"text-align: justify;\">Al arco de seguridad le he dado una mano espesa de imprimaci\u00f3n a pincel en las uniones:<\/p>\n<p style=\"text-align: center;\"><a href=\"http:\/\/blog.maquetea.com\/wp-content\/uploads\/2014\/07\/308-06-16.jpg\"><img loading=\"lazy\" decoding=\"async\" class=\"aligncenter size-full wp-image-1730\" alt=\"308 06 (16)\" src=\"http:\/\/blog.maquetea.com\/wp-content\/uploads\/2014\/07\/308-06-16.jpg\" width=\"640\" height=\"429\" srcset=\"http:\/\/blog.maquetea.com\/wp-content\/uploads\/2014\/07\/308-06-16.jpg 800w, http:\/\/blog.maquetea.com\/wp-content\/uploads\/2014\/07\/308-06-16-300x201.jpg 300w\" sizes=\"(max-width: 640px) 100vw, 640px\" \/><\/a><\/p>\n<p style=\"text-align: center;\">\n<p style=\"text-align: justify;\">Para despu\u00e9s lijarlo antes de imprimar.<\/p>\n<p style=\"text-align: justify;\">Notad que he eliminado unos tubos oblicuos en la parte superior lateral del mismo, gracias al comentario de un \u00a0amigo del foro Miniruedas, ya que auqnue estaban en la reconstrucci\u00f3n del coche, por entonces no los ten\u00eda:<\/p>\n<p style=\"text-align: center;\"><a href=\"http:\/\/blog.maquetea.com\/wp-content\/uploads\/2014\/07\/308-06-52.jpg\"><img loading=\"lazy\" decoding=\"async\" class=\"aligncenter size-full wp-image-1745\" alt=\"308 06 (52)\" src=\"http:\/\/blog.maquetea.com\/wp-content\/uploads\/2014\/07\/308-06-52.jpg\" width=\"640\" height=\"429\" srcset=\"http:\/\/blog.maquetea.com\/wp-content\/uploads\/2014\/07\/308-06-52.jpg 800w, http:\/\/blog.maquetea.com\/wp-content\/uploads\/2014\/07\/308-06-52-300x201.jpg 300w\" sizes=\"(max-width: 640px) 100vw, 640px\" \/><\/a><\/p>\n<p style=\"text-align: center;\">\n<p style=\"text-align: justify;\">Y para terminar, unas fotos de todo el conjunto de chasis:<\/p>\n<p style=\"text-align: center;\"><a href=\"http:\/\/blog.maquetea.com\/wp-content\/uploads\/2014\/07\/308-06-55.jpg\"><img loading=\"lazy\" decoding=\"async\" class=\"aligncenter size-full wp-image-1748\" alt=\"308 06 (55)\" src=\"http:\/\/blog.maquetea.com\/wp-content\/uploads\/2014\/07\/308-06-55.jpg\" width=\"640\" height=\"429\" srcset=\"http:\/\/blog.maquetea.com\/wp-content\/uploads\/2014\/07\/308-06-55.jpg 800w, http:\/\/blog.maquetea.com\/wp-content\/uploads\/2014\/07\/308-06-55-300x201.jpg 300w\" sizes=\"(max-width: 640px) 100vw, 640px\" \/><\/a><\/p>\n<p style=\"text-align: center;\"><a href=\"http:\/\/blog.maquetea.com\/wp-content\/uploads\/2014\/07\/308-06-56.jpg\"><img loading=\"lazy\" decoding=\"async\" class=\"aligncenter size-full wp-image-1722\" alt=\"308 06 (56)\" src=\"http:\/\/blog.maquetea.com\/wp-content\/uploads\/2014\/07\/308-06-56.jpg\" width=\"640\" height=\"429\" srcset=\"http:\/\/blog.maquetea.com\/wp-content\/uploads\/2014\/07\/308-06-56.jpg 800w, http:\/\/blog.maquetea.com\/wp-content\/uploads\/2014\/07\/308-06-56-300x201.jpg 300w\" sizes=\"(max-width: 640px) 100vw, 640px\" \/><\/a><\/p>\n<p style=\"text-align: center;\"><a href=\"http:\/\/blog.maquetea.com\/wp-content\/uploads\/2014\/07\/308-06-54.jpg\"><img loading=\"lazy\" decoding=\"async\" class=\"aligncenter size-full wp-image-1747\" alt=\"308 06 (54)\" src=\"http:\/\/blog.maquetea.com\/wp-content\/uploads\/2014\/07\/308-06-54.jpg\" width=\"640\" height=\"429\" srcset=\"http:\/\/blog.maquetea.com\/wp-content\/uploads\/2014\/07\/308-06-54.jpg 800w, http:\/\/blog.maquetea.com\/wp-content\/uploads\/2014\/07\/308-06-54-300x201.jpg 300w\" sizes=\"(max-width: 640px) 100vw, 640px\" \/><\/a><\/p>\n<p style=\"text-align: center;\"><a href=\"http:\/\/blog.maquetea.com\/wp-content\/uploads\/2014\/07\/308-06-53.jpg\"><img loading=\"lazy\" decoding=\"async\" class=\"aligncenter size-full wp-image-1746\" alt=\"308 06 (53)\" src=\"http:\/\/blog.maquetea.com\/wp-content\/uploads\/2014\/07\/308-06-53.jpg\" width=\"640\" height=\"429\" srcset=\"http:\/\/blog.maquetea.com\/wp-content\/uploads\/2014\/07\/308-06-53.jpg 800w, http:\/\/blog.maquetea.com\/wp-content\/uploads\/2014\/07\/308-06-53-300x201.jpg 300w\" sizes=\"(max-width: 640px) 100vw, 640px\" \/><\/a><\/p>\n<p style=\"text-align: center;\">\n<p style=\"text-align: justify;\">Gracias por ver y comentar!!<\/p>\n","protected":false},"excerpt":{"rendered":"<p>Despu\u00e9s de un mes sin postear nada, aqu\u00ed os traigo algunos avances del Ferrari de Zanini. Empezamos por rellenar los pasos de rueda. Si veis en las dos fotos siguientes, tanto delante como detr\u00e1s, el hueco por el paso de &hellip; <a href=\"http:\/\/blog.maquetea.com\/?p=1749\">Continue reading <span class=\"meta-nav\">&rarr;<\/span><\/a><\/p>\n","protected":false},"author":1,"featured_media":0,"comment_status":"open","ping_status":"open","sticky":false,"template":"","format":"standard","meta":{"footnotes":""},"categories":[69],"tags":[156,145,202,94,201],"_links":{"self":[{"href":"http:\/\/blog.maquetea.com\/index.php?rest_route=\/wp\/v2\/posts\/1749"}],"collection":[{"href":"http:\/\/blog.maquetea.com\/index.php?rest_route=\/wp\/v2\/posts"}],"about":[{"href":"http:\/\/blog.maquetea.com\/index.php?rest_route=\/wp\/v2\/types\/post"}],"author":[{"embeddable":true,"href":"http:\/\/blog.maquetea.com\/index.php?rest_route=\/wp\/v2\/users\/1"}],"replies":[{"embeddable":true,"href":"http:\/\/blog.maquetea.com\/index.php?rest_route=%2Fwp%2Fv2%2Fcomments&post=1749"}],"version-history":[{"count":4,"href":"http:\/\/blog.maquetea.com\/index.php?rest_route=\/wp\/v2\/posts\/1749\/revisions"}],"predecessor-version":[{"id":1753,"href":"http:\/\/blog.maquetea.com\/index.php?rest_route=\/wp\/v2\/posts\/1749\/revisions\/1753"}],"wp:attachment":[{"href":"http:\/\/blog.maquetea.com\/index.php?rest_route=%2Fwp%2Fv2%2Fmedia&parent=1749"}],"wp:term":[{"taxonomy":"category","embeddable":true,"href":"http:\/\/blog.maquetea.com\/index.php?rest_route=%2Fwp%2Fv2%2Fcategories&post=1749"},{"taxonomy":"post_tag","embeddable":true,"href":"http:\/\/blog.maquetea.com\/index.php?rest_route=%2Fwp%2Fv2%2Ftags&post=1749"}],"curies":[{"name":"wp","href":"https:\/\/api.w.org\/{rel}","templated":true}]}}