{"id":1678,"date":"2014-05-24T20:19:44","date_gmt":"2014-05-24T18:19:44","guid":{"rendered":"http:\/\/blog.maquetea.com\/?p=1678"},"modified":"2014-05-25T16:46:56","modified_gmt":"2014-05-25T14:46:56","slug":"ferrari-308-gtb-a-zanini-1984-124-v","status":"publish","type":"post","link":"http:\/\/blog.maquetea.com\/?p=1678","title":{"rendered":"Ferrari 308 GTB A. Zanini 1984 1\/24 (V)"},"content":{"rendered":"<p style=\"text-align: justify;\">Seguimos con el Ferrari 308. Muchas cosas he hecho, pero que requieren poco tiempo, y agrupando fotos, nos dan una buena actualizaci\u00f3n.<\/p>\n<p style=\"text-align: justify;\">Empezamos por el chasis. Ya hicimos las gu\u00edas de los asientos, pero hab\u00eda que levantarlos m\u00e1s. Cogemos varilla de Evergreen de la altura deseada, la cortamos y la pegamos sobre una cinta de enmascarar, y pegamos las tiras entre ellas:<\/p>\n<p style=\"text-align: center;\"><a href=\"http:\/\/blog.maquetea.com\/wp-content\/uploads\/2014\/05\/308-05-0.jpg\"><img loading=\"lazy\" decoding=\"async\" class=\"aligncenter size-full wp-image-1640\" alt=\"308 05 (0)\" src=\"http:\/\/blog.maquetea.com\/wp-content\/uploads\/2014\/05\/308-05-0.jpg\" width=\"640\" height=\"429\" srcset=\"http:\/\/blog.maquetea.com\/wp-content\/uploads\/2014\/05\/308-05-0.jpg 800w, http:\/\/blog.maquetea.com\/wp-content\/uploads\/2014\/05\/308-05-0-300x201.jpg 300w\" sizes=\"(max-width: 640px) 100vw, 640px\" \/><\/a><\/p>\n<p style=\"text-align: justify;\">Despu\u00e9s, lijamos, damos forma y la pegamos sobre el chasis:<\/p>\n<p style=\"text-align: center;\"><a href=\"http:\/\/blog.maquetea.com\/wp-content\/uploads\/2014\/05\/308-05-1.jpg\"><img loading=\"lazy\" decoding=\"async\" class=\"aligncenter size-full wp-image-1641\" alt=\"308 05 (1)\" src=\"http:\/\/blog.maquetea.com\/wp-content\/uploads\/2014\/05\/308-05-1.jpg\" width=\"640\" height=\"429\" srcset=\"http:\/\/blog.maquetea.com\/wp-content\/uploads\/2014\/05\/308-05-1.jpg 800w, http:\/\/blog.maquetea.com\/wp-content\/uploads\/2014\/05\/308-05-1-300x201.jpg 300w\" sizes=\"(max-width: 640px) 100vw, 640px\" \/><\/a><\/p>\n<p style=\"text-align: justify;\">Vemos que su posici\u00f3n si es correcta ahora:<\/p>\n<p style=\"text-align: center;\"><a href=\"http:\/\/blog.maquetea.com\/wp-content\/uploads\/2014\/05\/308-05-2.jpg\"><img loading=\"lazy\" decoding=\"async\" class=\"aligncenter size-full wp-image-1642\" alt=\"308 05 (2)\" src=\"http:\/\/blog.maquetea.com\/wp-content\/uploads\/2014\/05\/308-05-2.jpg\" width=\"640\" height=\"429\" srcset=\"http:\/\/blog.maquetea.com\/wp-content\/uploads\/2014\/05\/308-05-2.jpg 800w, http:\/\/blog.maquetea.com\/wp-content\/uploads\/2014\/05\/308-05-2-300x201.jpg 300w\" sizes=\"(max-width: 640px) 100vw, 640px\" \/><\/a><\/p>\n<p style=\"text-align: center;\"><a href=\"http:\/\/blog.maquetea.com\/wp-content\/uploads\/2014\/05\/308-05-3.jpg\"><img loading=\"lazy\" decoding=\"async\" class=\"aligncenter size-full wp-image-1643\" alt=\"308 05 (3)\" src=\"http:\/\/blog.maquetea.com\/wp-content\/uploads\/2014\/05\/308-05-3.jpg\" width=\"640\" height=\"429\" srcset=\"http:\/\/blog.maquetea.com\/wp-content\/uploads\/2014\/05\/308-05-3.jpg 800w, http:\/\/blog.maquetea.com\/wp-content\/uploads\/2014\/05\/308-05-3-300x201.jpg 300w\" sizes=\"(max-width: 640px) 100vw, 640px\" \/><\/a><\/p>\n<p style=\"text-align: center;\"><a href=\"http:\/\/blog.maquetea.com\/wp-content\/uploads\/2014\/05\/308-05-5.jpg\"><img loading=\"lazy\" decoding=\"async\" class=\"aligncenter size-full wp-image-1644\" alt=\"308 05 (5)\" src=\"http:\/\/blog.maquetea.com\/wp-content\/uploads\/2014\/05\/308-05-5.jpg\" width=\"640\" height=\"429\" srcset=\"http:\/\/blog.maquetea.com\/wp-content\/uploads\/2014\/05\/308-05-5.jpg 800w, http:\/\/blog.maquetea.com\/wp-content\/uploads\/2014\/05\/308-05-5-300x201.jpg 300w\" sizes=\"(max-width: 640px) 100vw, 640px\" \/><\/a><\/p>\n<p style=\"text-align: justify;\">Pasamos a imprimar las llantas en blanco, modelo Gotti de Renaisance:<\/p>\n<p style=\"text-align: center;\"><a href=\"http:\/\/blog.maquetea.com\/wp-content\/uploads\/2014\/05\/308-05-16.jpg\"><img loading=\"lazy\" decoding=\"async\" class=\"aligncenter size-full wp-image-1647\" alt=\"308 05 (16)\" src=\"http:\/\/blog.maquetea.com\/wp-content\/uploads\/2014\/05\/308-05-16.jpg\" width=\"640\" height=\"429\" srcset=\"http:\/\/blog.maquetea.com\/wp-content\/uploads\/2014\/05\/308-05-16.jpg 800w, http:\/\/blog.maquetea.com\/wp-content\/uploads\/2014\/05\/308-05-16-300x201.jpg 300w\" sizes=\"(max-width: 640px) 100vw, 640px\" \/><\/a><\/p>\n<p style=\"text-align: justify;\">&#8230;y los faros. A estos les tenemos que dar un poco de masilla para tapar algunas l\u00edneas:<\/p>\n<p style=\"text-align: center;\"><a href=\"http:\/\/blog.maquetea.com\/wp-content\/uploads\/2014\/05\/308-05-17.jpg\"><img loading=\"lazy\" decoding=\"async\" class=\"aligncenter size-full wp-image-1648\" alt=\"308 05 (17)\" src=\"http:\/\/blog.maquetea.com\/wp-content\/uploads\/2014\/05\/308-05-17.jpg\" width=\"640\" height=\"429\" srcset=\"http:\/\/blog.maquetea.com\/wp-content\/uploads\/2014\/05\/308-05-17.jpg 800w, http:\/\/blog.maquetea.com\/wp-content\/uploads\/2014\/05\/308-05-17-300x201.jpg 300w\" sizes=\"(max-width: 640px) 100vw, 640px\" \/><\/a><\/p>\n<p style=\"text-align: justify;\">La carrocer\u00eda, le damos imprimaci\u00f3n gris, de Tamiya:<\/p>\n<p style=\"text-align: center;\"><a href=\"http:\/\/blog.maquetea.com\/wp-content\/uploads\/2014\/05\/308-05-6.jpg\"><img loading=\"lazy\" decoding=\"async\" class=\"aligncenter size-full wp-image-1645\" alt=\"308 05 (6)\" src=\"http:\/\/blog.maquetea.com\/wp-content\/uploads\/2014\/05\/308-05-6.jpg\" width=\"640\" height=\"429\" srcset=\"http:\/\/blog.maquetea.com\/wp-content\/uploads\/2014\/05\/308-05-6.jpg 800w, http:\/\/blog.maquetea.com\/wp-content\/uploads\/2014\/05\/308-05-6-300x201.jpg 300w\" sizes=\"(max-width: 640px) 100vw, 640px\" \/><\/a><\/p>\n<p style=\"text-align: center;\"><a href=\"http:\/\/blog.maquetea.com\/wp-content\/uploads\/2014\/05\/308-05-7.jpg\"><img loading=\"lazy\" decoding=\"async\" class=\"aligncenter size-full wp-image-1646\" alt=\"308 05 (7)\" src=\"http:\/\/blog.maquetea.com\/wp-content\/uploads\/2014\/05\/308-05-7.jpg\" width=\"640\" height=\"429\" srcset=\"http:\/\/blog.maquetea.com\/wp-content\/uploads\/2014\/05\/308-05-7.jpg 800w, http:\/\/blog.maquetea.com\/wp-content\/uploads\/2014\/05\/308-05-7-300x201.jpg 300w\" sizes=\"(max-width: 640px) 100vw, 640px\" \/><\/a><\/p>\n<p style=\"text-align: justify;\">posteriormente, lijamos los errores, y le reponemos la goma izquierda del parabrisas delantero, pegando una varilla de Evergreen:<\/p>\n<p style=\"text-align: center;\"><a href=\"http:\/\/blog.maquetea.com\/wp-content\/uploads\/2014\/05\/308-05-28.jpg\"><img loading=\"lazy\" decoding=\"async\" class=\"aligncenter size-full wp-image-1650\" alt=\"308 05 (28)\" src=\"http:\/\/blog.maquetea.com\/wp-content\/uploads\/2014\/05\/308-05-28.jpg\" width=\"640\" height=\"429\" srcset=\"http:\/\/blog.maquetea.com\/wp-content\/uploads\/2014\/05\/308-05-28.jpg 800w, http:\/\/blog.maquetea.com\/wp-content\/uploads\/2014\/05\/308-05-28-300x201.jpg 300w\" sizes=\"(max-width: 640px) 100vw, 640px\" \/><\/a><\/p>\n<p style=\"text-align: justify;\">Sobre el capo trasero, eliminamos un logo de Ferrari, que en el modelo de rallyes no llevaba:<\/p>\n<p style=\"text-align: center;\"><a href=\"http:\/\/blog.maquetea.com\/wp-content\/uploads\/2014\/05\/308-05-29.jpg\"><img loading=\"lazy\" decoding=\"async\" class=\"aligncenter size-full wp-image-1651\" alt=\"308 05 (29)\" src=\"http:\/\/blog.maquetea.com\/wp-content\/uploads\/2014\/05\/308-05-29.jpg\" width=\"640\" height=\"429\" srcset=\"http:\/\/blog.maquetea.com\/wp-content\/uploads\/2014\/05\/308-05-29.jpg 800w, http:\/\/blog.maquetea.com\/wp-content\/uploads\/2014\/05\/308-05-29-300x201.jpg 300w\" sizes=\"(max-width: 640px) 100vw, 640px\" \/><\/a><\/p>\n<p style=\"text-align: justify;\">Imprimamos los asientos y sus fijaciones:<\/p>\n<p style=\"text-align: center;\"><a href=\"http:\/\/blog.maquetea.com\/wp-content\/uploads\/2014\/05\/308-05-21.jpg\"><img loading=\"lazy\" decoding=\"async\" class=\"aligncenter size-full wp-image-1649\" alt=\"308 05 (21)\" src=\"http:\/\/blog.maquetea.com\/wp-content\/uploads\/2014\/05\/308-05-21.jpg\" width=\"640\" height=\"429\" srcset=\"http:\/\/blog.maquetea.com\/wp-content\/uploads\/2014\/05\/308-05-21.jpg 800w, http:\/\/blog.maquetea.com\/wp-content\/uploads\/2014\/05\/308-05-21-300x201.jpg 300w\" sizes=\"(max-width: 640px) 100vw, 640px\" \/><\/a><\/p>\n<p style=\"text-align: justify;\">A los asientos, les rellenamos posteriormente con putty, para eliminar los nervios que por entonces, o no estaban , o no se ve\u00edan:<\/p>\n<p style=\"text-align: center;\"><a href=\"http:\/\/blog.maquetea.com\/wp-content\/uploads\/2014\/05\/308-05-58.jpg\"><img loading=\"lazy\" decoding=\"async\" class=\"aligncenter size-full wp-image-1660\" alt=\"308 05 (58)\" src=\"http:\/\/blog.maquetea.com\/wp-content\/uploads\/2014\/05\/308-05-58.jpg\" width=\"640\" height=\"429\" srcset=\"http:\/\/blog.maquetea.com\/wp-content\/uploads\/2014\/05\/308-05-58.jpg 800w, http:\/\/blog.maquetea.com\/wp-content\/uploads\/2014\/05\/308-05-58-300x201.jpg 300w\" sizes=\"(max-width: 640px) 100vw, 640px\" \/><\/a><\/p>\n<p style=\"text-align: justify;\">Lijamos:<\/p>\n<p style=\"text-align: center;\"><a href=\"http:\/\/blog.maquetea.com\/wp-content\/uploads\/2014\/05\/308-05-59.jpg\"><img loading=\"lazy\" decoding=\"async\" class=\"aligncenter size-full wp-image-1661\" alt=\"308 05 (59)\" src=\"http:\/\/blog.maquetea.com\/wp-content\/uploads\/2014\/05\/308-05-59.jpg\" width=\"640\" height=\"429\" srcset=\"http:\/\/blog.maquetea.com\/wp-content\/uploads\/2014\/05\/308-05-59.jpg 800w, http:\/\/blog.maquetea.com\/wp-content\/uploads\/2014\/05\/308-05-59-300x201.jpg 300w\" sizes=\"(max-width: 640px) 100vw, 640px\" \/><\/a><\/p>\n<p style=\"text-align: justify;\">Ahora les haremos la base de los mismos, que era acolchada. Cogemos Milliput, a partes iguales, y hacemos unas plantillas para hacer las formas acolchadas:<\/p>\n<p style=\"text-align: center;\"><a href=\"http:\/\/blog.maquetea.com\/wp-content\/uploads\/2014\/05\/308-05-60.jpg\"><img loading=\"lazy\" decoding=\"async\" class=\"aligncenter size-full wp-image-1662\" alt=\"308 05 (60)\" src=\"http:\/\/blog.maquetea.com\/wp-content\/uploads\/2014\/05\/308-05-60.jpg\" width=\"640\" height=\"429\" srcset=\"http:\/\/blog.maquetea.com\/wp-content\/uploads\/2014\/05\/308-05-60.jpg 800w, http:\/\/blog.maquetea.com\/wp-content\/uploads\/2014\/05\/308-05-60-300x201.jpg 300w\" sizes=\"(max-width: 640px) 100vw, 640px\" \/><\/a><\/p>\n<p style=\"text-align: justify;\">Ponemos la masilla, con el dedo y agua repasamos y alisamos todo, y vamos poniendo las plantillas, con este resultado:<\/p>\n<p style=\"text-align: center;\"><a href=\"http:\/\/blog.maquetea.com\/wp-content\/uploads\/2014\/05\/308-05-62.jpg\"><img loading=\"lazy\" decoding=\"async\" class=\"aligncenter size-full wp-image-1663\" alt=\"308 05 (62)\" src=\"http:\/\/blog.maquetea.com\/wp-content\/uploads\/2014\/05\/308-05-62.jpg\" width=\"640\" height=\"429\" srcset=\"http:\/\/blog.maquetea.com\/wp-content\/uploads\/2014\/05\/308-05-62.jpg 800w, http:\/\/blog.maquetea.com\/wp-content\/uploads\/2014\/05\/308-05-62-300x201.jpg 300w\" sizes=\"(max-width: 640px) 100vw, 640px\" \/><\/a><\/p>\n<p style=\"text-align: justify;\">Una vez seco, ponemos cola blanca con un pincel y espolvoreamos unas part\u00edculas met\u00e1licas que se usan para lijar madera (bote de la derecha):<\/p>\n<p style=\"text-align: center;\"><a href=\"http:\/\/blog.maquetea.com\/wp-content\/uploads\/2014\/05\/308-05-63.jpg\"><img loading=\"lazy\" decoding=\"async\" class=\"aligncenter size-full wp-image-1664\" alt=\"308 05 (63)\" src=\"http:\/\/blog.maquetea.com\/wp-content\/uploads\/2014\/05\/308-05-63.jpg\" width=\"640\" height=\"429\" srcset=\"http:\/\/blog.maquetea.com\/wp-content\/uploads\/2014\/05\/308-05-63.jpg 800w, http:\/\/blog.maquetea.com\/wp-content\/uploads\/2014\/05\/308-05-63-300x201.jpg 300w\" sizes=\"(max-width: 640px) 100vw, 640px\" \/><\/a><\/p>\n<p style=\"text-align: justify;\">Y aqu\u00ed el resultado:<\/p>\n<p style=\"text-align: center;\"><a href=\"http:\/\/blog.maquetea.com\/wp-content\/uploads\/2014\/05\/308-05-64.jpg\"><img loading=\"lazy\" decoding=\"async\" class=\"aligncenter size-full wp-image-1665\" alt=\"308 05 (64)\" src=\"http:\/\/blog.maquetea.com\/wp-content\/uploads\/2014\/05\/308-05-64.jpg\" width=\"640\" height=\"429\" srcset=\"http:\/\/blog.maquetea.com\/wp-content\/uploads\/2014\/05\/308-05-64.jpg 800w, http:\/\/blog.maquetea.com\/wp-content\/uploads\/2014\/05\/308-05-64-300x201.jpg 300w\" sizes=\"(max-width: 640px) 100vw, 640px\" \/><\/a><\/p>\n<p style=\"text-align: justify;\">despu\u00e9s, imprimamos con una ligera capa:<\/p>\n<p style=\"text-align: center;\"><a href=\"http:\/\/blog.maquetea.com\/wp-content\/uploads\/2014\/05\/308-05-74.jpg\"><img loading=\"lazy\" decoding=\"async\" class=\"aligncenter size-full wp-image-1670\" alt=\"308 05 (74)\" src=\"http:\/\/blog.maquetea.com\/wp-content\/uploads\/2014\/05\/308-05-74.jpg\" width=\"640\" height=\"429\" srcset=\"http:\/\/blog.maquetea.com\/wp-content\/uploads\/2014\/05\/308-05-74.jpg 800w, http:\/\/blog.maquetea.com\/wp-content\/uploads\/2014\/05\/308-05-74-300x201.jpg 300w\" sizes=\"(max-width: 640px) 100vw, 640px\" \/><\/a><\/p>\n<p style=\"text-align: justify;\">Vamos ahora con el salpicadero. Como vemos en la carrocer\u00eda, este va sujeto a la misma por debajo, pero si quiero hacer el arco de seguridad completo, necesito fijarlo al chasis en lugar de la carrocer\u00eda. Para ello, cogemos Milliput&#8230;<\/p>\n<p style=\"text-align: center;\"><a href=\"http:\/\/blog.maquetea.com\/wp-content\/uploads\/2014\/05\/308-05-36.jpg\"><img loading=\"lazy\" decoding=\"async\" class=\"aligncenter size-full wp-image-1652\" alt=\"308 05 (36)\" src=\"http:\/\/blog.maquetea.com\/wp-content\/uploads\/2014\/05\/308-05-36.jpg\" width=\"640\" height=\"429\" srcset=\"http:\/\/blog.maquetea.com\/wp-content\/uploads\/2014\/05\/308-05-36.jpg 800w, http:\/\/blog.maquetea.com\/wp-content\/uploads\/2014\/05\/308-05-36-300x201.jpg 300w\" sizes=\"(max-width: 640px) 100vw, 640px\" \/><\/a><\/p>\n<p style=\"text-align: justify;\">.. y ponemos dos bolas (despu\u00e9s de amasarlas bien), sobre los pasos de rueda:<\/p>\n<p style=\"text-align: center;\"><a href=\"http:\/\/blog.maquetea.com\/wp-content\/uploads\/2014\/05\/308-05-37.jpg\"><img loading=\"lazy\" decoding=\"async\" class=\"aligncenter size-full wp-image-1653\" alt=\"308 05 (37)\" src=\"http:\/\/blog.maquetea.com\/wp-content\/uploads\/2014\/05\/308-05-37.jpg\" width=\"640\" height=\"429\" srcset=\"http:\/\/blog.maquetea.com\/wp-content\/uploads\/2014\/05\/308-05-37.jpg 800w, http:\/\/blog.maquetea.com\/wp-content\/uploads\/2014\/05\/308-05-37-300x201.jpg 300w\" sizes=\"(max-width: 640px) 100vw, 640px\" \/><\/a><\/p>\n<p style=\"text-align: justify;\">Fijamos el salpicadero a la carrocer\u00eda con BlueTac y ponemos vaselina, para que al poner la carrocer\u00eda en el chasis y presionar, la masilla coja la forma del salpicadero, pero sin que se pegue:<\/p>\n<p style=\"text-align: center;\"><a href=\"http:\/\/blog.maquetea.com\/wp-content\/uploads\/2014\/05\/308-05-39.jpg\"><img loading=\"lazy\" decoding=\"async\" class=\"aligncenter size-full wp-image-1654\" alt=\"308 05 (39)\" src=\"http:\/\/blog.maquetea.com\/wp-content\/uploads\/2014\/05\/308-05-39.jpg\" width=\"640\" height=\"429\" srcset=\"http:\/\/blog.maquetea.com\/wp-content\/uploads\/2014\/05\/308-05-39.jpg 800w, http:\/\/blog.maquetea.com\/wp-content\/uploads\/2014\/05\/308-05-39-300x201.jpg 300w\" sizes=\"(max-width: 640px) 100vw, 640px\" \/><\/a><\/p>\n<p style=\"text-align: justify;\">Quitamos la carrocer\u00eda&#8230;<\/p>\n<p style=\"text-align: center;\"><a href=\"http:\/\/blog.maquetea.com\/wp-content\/uploads\/2014\/05\/308-05-48.jpg\"><img loading=\"lazy\" decoding=\"async\" class=\"aligncenter size-full wp-image-1657\" alt=\"308 05 (48)\" src=\"http:\/\/blog.maquetea.com\/wp-content\/uploads\/2014\/05\/308-05-48.jpg\" width=\"640\" height=\"429\" srcset=\"http:\/\/blog.maquetea.com\/wp-content\/uploads\/2014\/05\/308-05-48.jpg 800w, http:\/\/blog.maquetea.com\/wp-content\/uploads\/2014\/05\/308-05-48-300x201.jpg 300w\" sizes=\"(max-width: 640px) 100vw, 640px\" \/><\/a><\/p>\n<p style=\"text-align: justify;\">&#8230; y despu\u00e9s el salpicadero, dejando secar. Mas tarde, cuando est\u00e9 seco, recortaremos esos bloques de masilla, para que no se vean por ning\u00fan lado:<\/p>\n<p style=\"text-align: center;\"><a href=\"http:\/\/blog.maquetea.com\/wp-content\/uploads\/2014\/05\/308-05-46.jpg\"><img loading=\"lazy\" decoding=\"async\" class=\"aligncenter size-full wp-image-1656\" alt=\"308 05 (46)\" src=\"http:\/\/blog.maquetea.com\/wp-content\/uploads\/2014\/05\/308-05-46.jpg\" width=\"640\" height=\"429\" srcset=\"http:\/\/blog.maquetea.com\/wp-content\/uploads\/2014\/05\/308-05-46.jpg 800w, http:\/\/blog.maquetea.com\/wp-content\/uploads\/2014\/05\/308-05-46-300x201.jpg 300w\" sizes=\"(max-width: 640px) 100vw, 640px\" \/><\/a><\/p>\n<p style=\"text-align: justify;\">Probamos con el cristal, y encaja bien:<\/p>\n<p style=\"text-align: center;\"><a href=\"http:\/\/blog.maquetea.com\/wp-content\/uploads\/2014\/05\/308-05-41.jpg\"><img loading=\"lazy\" decoding=\"async\" class=\"aligncenter size-full wp-image-1655\" alt=\"308 05 (41)\" src=\"http:\/\/blog.maquetea.com\/wp-content\/uploads\/2014\/05\/308-05-41.jpg\" width=\"640\" height=\"429\" srcset=\"http:\/\/blog.maquetea.com\/wp-content\/uploads\/2014\/05\/308-05-41.jpg 800w, http:\/\/blog.maquetea.com\/wp-content\/uploads\/2014\/05\/308-05-41-300x201.jpg 300w\" sizes=\"(max-width: 640px) 100vw, 640px\" \/><\/a><\/p>\n<p style=\"text-align: justify;\">Vamos con el arco de seguridad. Cortamos y doblamos los tubos superiores, as\u00ed como los verticales de debajo del salpicadero:<\/p>\n<p style=\"text-align: center;\"><a href=\"http:\/\/blog.maquetea.com\/wp-content\/uploads\/2014\/05\/308-05-51.jpg\"><img loading=\"lazy\" decoding=\"async\" class=\"aligncenter size-full wp-image-1658\" alt=\"308 05 (51)\" src=\"http:\/\/blog.maquetea.com\/wp-content\/uploads\/2014\/05\/308-05-51.jpg\" width=\"640\" height=\"429\" srcset=\"http:\/\/blog.maquetea.com\/wp-content\/uploads\/2014\/05\/308-05-51.jpg 800w, http:\/\/blog.maquetea.com\/wp-content\/uploads\/2014\/05\/308-05-51-300x201.jpg 300w\" sizes=\"(max-width: 640px) 100vw, 640px\" \/><\/a><\/p>\n<p style=\"text-align: justify;\">Ponemos el transversal delantero:<\/p>\n<p style=\"text-align: center;\"><a href=\"http:\/\/blog.maquetea.com\/wp-content\/uploads\/2014\/05\/308-05-56.jpg\"><img loading=\"lazy\" decoding=\"async\" class=\"aligncenter size-full wp-image-1659\" alt=\"308 05 (56)\" src=\"http:\/\/blog.maquetea.com\/wp-content\/uploads\/2014\/05\/308-05-56.jpg\" width=\"640\" height=\"429\" srcset=\"http:\/\/blog.maquetea.com\/wp-content\/uploads\/2014\/05\/308-05-56.jpg 800w, http:\/\/blog.maquetea.com\/wp-content\/uploads\/2014\/05\/308-05-56-300x201.jpg 300w\" sizes=\"(max-width: 640px) 100vw, 640px\" \/><\/a><\/p>\n<p style=\"text-align: justify;\">Y la cruceta superior, junto a los peque\u00f1os tubitos laterales:<\/p>\n<p style=\"text-align: center;\"><a href=\"http:\/\/blog.maquetea.com\/wp-content\/uploads\/2014\/05\/308-05-79.jpg\"><img loading=\"lazy\" decoding=\"async\" class=\"aligncenter size-full wp-image-1671\" alt=\"308 05 (79)\" src=\"http:\/\/blog.maquetea.com\/wp-content\/uploads\/2014\/05\/308-05-79.jpg\" width=\"640\" height=\"429\" srcset=\"http:\/\/blog.maquetea.com\/wp-content\/uploads\/2014\/05\/308-05-79.jpg 800w, http:\/\/blog.maquetea.com\/wp-content\/uploads\/2014\/05\/308-05-79-300x201.jpg 300w\" sizes=\"(max-width: 640px) 100vw, 640px\" \/><\/a><\/p>\n<p style=\"text-align: justify;\">Visto en el chasis:<\/p>\n<p style=\"text-align: center;\"><a href=\"http:\/\/blog.maquetea.com\/wp-content\/uploads\/2014\/05\/308-05-82.jpg\"><img loading=\"lazy\" decoding=\"async\" class=\"aligncenter size-full wp-image-1672\" alt=\"308 05 (82)\" src=\"http:\/\/blog.maquetea.com\/wp-content\/uploads\/2014\/05\/308-05-82.jpg\" width=\"640\" height=\"429\" srcset=\"http:\/\/blog.maquetea.com\/wp-content\/uploads\/2014\/05\/308-05-82.jpg 800w, http:\/\/blog.maquetea.com\/wp-content\/uploads\/2014\/05\/308-05-82-300x201.jpg 300w\" sizes=\"(max-width: 640px) 100vw, 640px\" \/><\/a><\/p>\n<p style=\"text-align: justify;\">Y pasamos a imprimar la carrocer\u00eda con blanco, pero cual es mi sorpresa, que se empieza a asomar el rojo de la carrocer\u00eda!! Veremos con una segunda capa, si lo eliminamos:<\/p>\n<p style=\"text-align: center;\"><a href=\"http:\/\/blog.maquetea.com\/wp-content\/uploads\/2014\/05\/308-05-66.jpg\"><img loading=\"lazy\" decoding=\"async\" class=\"aligncenter size-full wp-image-1666\" alt=\"308 05 (66)\" src=\"http:\/\/blog.maquetea.com\/wp-content\/uploads\/2014\/05\/308-05-66.jpg\" width=\"640\" height=\"429\" srcset=\"http:\/\/blog.maquetea.com\/wp-content\/uploads\/2014\/05\/308-05-66.jpg 800w, http:\/\/blog.maquetea.com\/wp-content\/uploads\/2014\/05\/308-05-66-300x201.jpg 300w\" sizes=\"(max-width: 640px) 100vw, 640px\" \/><\/a><\/p>\n<p style=\"text-align: center;\"><a href=\"http:\/\/blog.maquetea.com\/wp-content\/uploads\/2014\/05\/308-05-67.jpg\"><img loading=\"lazy\" decoding=\"async\" class=\"aligncenter size-full wp-image-1667\" alt=\"308 05 (67)\" src=\"http:\/\/blog.maquetea.com\/wp-content\/uploads\/2014\/05\/308-05-67.jpg\" width=\"640\" height=\"429\" srcset=\"http:\/\/blog.maquetea.com\/wp-content\/uploads\/2014\/05\/308-05-67.jpg 800w, http:\/\/blog.maquetea.com\/wp-content\/uploads\/2014\/05\/308-05-67-300x201.jpg 300w\" sizes=\"(max-width: 640px) 100vw, 640px\" \/><\/a><\/p>\n<p style=\"text-align: center;\"><a href=\"http:\/\/blog.maquetea.com\/wp-content\/uploads\/2014\/05\/308-05-69.jpg\"><img loading=\"lazy\" decoding=\"async\" class=\"aligncenter size-full wp-image-1668\" alt=\"308 05 (69)\" src=\"http:\/\/blog.maquetea.com\/wp-content\/uploads\/2014\/05\/308-05-69.jpg\" width=\"640\" height=\"429\" srcset=\"http:\/\/blog.maquetea.com\/wp-content\/uploads\/2014\/05\/308-05-69.jpg 800w, http:\/\/blog.maquetea.com\/wp-content\/uploads\/2014\/05\/308-05-69-300x201.jpg 300w\" sizes=\"(max-width: 640px) 100vw, 640px\" \/><\/a><\/p>\n<p style=\"text-align: center;\"><a href=\"http:\/\/blog.maquetea.com\/wp-content\/uploads\/2014\/05\/308-05-70.jpg\"><img loading=\"lazy\" decoding=\"async\" class=\"aligncenter size-full wp-image-1669\" alt=\"308 05 (70)\" src=\"http:\/\/blog.maquetea.com\/wp-content\/uploads\/2014\/05\/308-05-70.jpg\" width=\"640\" height=\"429\" srcset=\"http:\/\/blog.maquetea.com\/wp-content\/uploads\/2014\/05\/308-05-70.jpg 800w, http:\/\/blog.maquetea.com\/wp-content\/uploads\/2014\/05\/308-05-70-300x201.jpg 300w\" sizes=\"(max-width: 640px) 100vw, 640px\" \/><\/a><\/p>\n<p style=\"text-align: justify;\">Y viendo el chasis y la carrocer\u00eda juntos, veo que sobresale por debajo. En condiciones normales no existe, pero no voy a modificar el chasis ahora.<\/p>\n<p style=\"text-align: center;\"><a href=\"http:\/\/blog.maquetea.com\/wp-content\/uploads\/2014\/05\/308-05-88.jpg\"><img loading=\"lazy\" decoding=\"async\" class=\"aligncenter size-full wp-image-1673\" alt=\"308 05 (88)\" src=\"http:\/\/blog.maquetea.com\/wp-content\/uploads\/2014\/05\/308-05-88.jpg\" width=\"640\" height=\"429\" srcset=\"http:\/\/blog.maquetea.com\/wp-content\/uploads\/2014\/05\/308-05-88.jpg 800w, http:\/\/blog.maquetea.com\/wp-content\/uploads\/2014\/05\/308-05-88-300x201.jpg 300w\" sizes=\"(max-width: 640px) 100vw, 640px\" \/><\/a><\/p>\n<p style=\"text-align: justify;\">Lo disimular\u00e9 lij\u00e1ndolo (vemos el lado derecho que ya est\u00e1 hecho):<\/p>\n<p style=\"text-align: center;\"><a href=\"http:\/\/blog.maquetea.com\/wp-content\/uploads\/2014\/05\/308-05-94.jpg\"><img loading=\"lazy\" decoding=\"async\" class=\"aligncenter size-full wp-image-1674\" alt=\"308 05 (94)\" src=\"http:\/\/blog.maquetea.com\/wp-content\/uploads\/2014\/05\/308-05-94.jpg\" width=\"640\" height=\"429\" srcset=\"http:\/\/blog.maquetea.com\/wp-content\/uploads\/2014\/05\/308-05-94.jpg 800w, http:\/\/blog.maquetea.com\/wp-content\/uploads\/2014\/05\/308-05-94-300x201.jpg 300w\" sizes=\"(max-width: 640px) 100vw, 640px\" \/><\/a><\/p>\n<p style=\"text-align: justify;\">Y el lado izquierdo sin rebajar a\u00fan:<\/p>\n<p style=\"text-align: center;\"><a href=\"http:\/\/blog.maquetea.com\/wp-content\/uploads\/2014\/05\/308-05-96.jpg\"><img loading=\"lazy\" decoding=\"async\" class=\"aligncenter size-full wp-image-1675\" alt=\"308 05 (96)\" src=\"http:\/\/blog.maquetea.com\/wp-content\/uploads\/2014\/05\/308-05-96.jpg\" width=\"800\" height=\"536\" srcset=\"http:\/\/blog.maquetea.com\/wp-content\/uploads\/2014\/05\/308-05-96.jpg 800w, http:\/\/blog.maquetea.com\/wp-content\/uploads\/2014\/05\/308-05-96-300x201.jpg 300w\" sizes=\"(max-width: 800px) 100vw, 800px\" \/><\/a><\/p>\n<p style=\"text-align: justify;\">Y ya est\u00e1. La verdad es que ahora se nota muy poco:<\/p>\n<p style=\"text-align: center;\"><a href=\"http:\/\/blog.maquetea.com\/wp-content\/uploads\/2014\/05\/308-05-100.jpg\"><img loading=\"lazy\" decoding=\"async\" class=\"aligncenter size-full wp-image-1676\" alt=\"308 05 (100)\" src=\"http:\/\/blog.maquetea.com\/wp-content\/uploads\/2014\/05\/308-05-100.jpg\" width=\"640\" height=\"429\" srcset=\"http:\/\/blog.maquetea.com\/wp-content\/uploads\/2014\/05\/308-05-100.jpg 800w, http:\/\/blog.maquetea.com\/wp-content\/uploads\/2014\/05\/308-05-100-300x201.jpg 300w\" sizes=\"(max-width: 640px) 100vw, 640px\" \/><\/a><\/p>\n<p style=\"text-align: center;\"><a href=\"http:\/\/blog.maquetea.com\/wp-content\/uploads\/2014\/05\/308-05-104.jpg\"><img loading=\"lazy\" decoding=\"async\" class=\"aligncenter size-full wp-image-1677\" alt=\"308 05 (104)\" src=\"http:\/\/blog.maquetea.com\/wp-content\/uploads\/2014\/05\/308-05-104.jpg\" width=\"640\" height=\"429\" srcset=\"http:\/\/blog.maquetea.com\/wp-content\/uploads\/2014\/05\/308-05-104.jpg 800w, http:\/\/blog.maquetea.com\/wp-content\/uploads\/2014\/05\/308-05-104-300x201.jpg 300w\" sizes=\"(max-width: 640px) 100vw, 640px\" \/><\/a><\/p>\n<p style=\"text-align: center;\"><a href=\"http:\/\/blog.maquetea.com\/wp-content\/uploads\/2014\/05\/308-05-106.jpg\"><img loading=\"lazy\" decoding=\"async\" class=\"aligncenter size-full wp-image-1639\" alt=\"308 05 (106)\" src=\"http:\/\/blog.maquetea.com\/wp-content\/uploads\/2014\/05\/308-05-106.jpg\" width=\"640\" height=\"429\" srcset=\"http:\/\/blog.maquetea.com\/wp-content\/uploads\/2014\/05\/308-05-106.jpg 800w, http:\/\/blog.maquetea.com\/wp-content\/uploads\/2014\/05\/308-05-106-300x201.jpg 300w\" sizes=\"(max-width: 640px) 100vw, 640px\" \/><\/a><\/p>\n<p style=\"text-align: justify;\">Gracias por mirar y comentar!!<\/p>\n","protected":false},"excerpt":{"rendered":"<p>Seguimos con el Ferrari 308. Muchas cosas he hecho, pero que requieren poco tiempo, y agrupando fotos, nos dan una buena actualizaci\u00f3n. Empezamos por el chasis. Ya hicimos las gu\u00edas de los asientos, pero hab\u00eda que levantarlos m\u00e1s. Cogemos varilla &hellip; <a href=\"http:\/\/blog.maquetea.com\/?p=1678\">Continue reading <span class=\"meta-nav\">&rarr;<\/span><\/a><\/p>\n","protected":false},"author":1,"featured_media":0,"comment_status":"open","ping_status":"open","sticky":false,"template":"","format":"standard","meta":{"footnotes":""},"categories":[69],"tags":[91,85,127,115,129],"_links":{"self":[{"href":"http:\/\/blog.maquetea.com\/index.php?rest_route=\/wp\/v2\/posts\/1678"}],"collection":[{"href":"http:\/\/blog.maquetea.com\/index.php?rest_route=\/wp\/v2\/posts"}],"about":[{"href":"http:\/\/blog.maquetea.com\/index.php?rest_route=\/wp\/v2\/types\/post"}],"author":[{"embeddable":true,"href":"http:\/\/blog.maquetea.com\/index.php?rest_route=\/wp\/v2\/users\/1"}],"replies":[{"embeddable":true,"href":"http:\/\/blog.maquetea.com\/index.php?rest_route=%2Fwp%2Fv2%2Fcomments&post=1678"}],"version-history":[{"count":4,"href":"http:\/\/blog.maquetea.com\/index.php?rest_route=\/wp\/v2\/posts\/1678\/revisions"}],"predecessor-version":[{"id":1682,"href":"http:\/\/blog.maquetea.com\/index.php?rest_route=\/wp\/v2\/posts\/1678\/revisions\/1682"}],"wp:attachment":[{"href":"http:\/\/blog.maquetea.com\/index.php?rest_route=%2Fwp%2Fv2%2Fmedia&parent=1678"}],"wp:term":[{"taxonomy":"category","embeddable":true,"href":"http:\/\/blog.maquetea.com\/index.php?rest_route=%2Fwp%2Fv2%2Fcategories&post=1678"},{"taxonomy":"post_tag","embeddable":true,"href":"http:\/\/blog.maquetea.com\/index.php?rest_route=%2Fwp%2Fv2%2Ftags&post=1678"}],"curies":[{"name":"wp","href":"https:\/\/api.w.org\/{rel}","templated":true}]}}