{"id":1355,"date":"2014-01-26T20:12:57","date_gmt":"2014-01-26T18:12:57","guid":{"rendered":"http:\/\/blog.maquetea.com\/?p=1355"},"modified":"2014-01-26T20:12:57","modified_gmt":"2014-01-26T18:12:57","slug":"mclaren-mp41-1981-tameo-143-xi","status":"publish","type":"post","link":"http:\/\/blog.maquetea.com\/?p=1355","title":{"rendered":"Mclaren MP4\/1 1981 \u2013 Tameo 1\/43 (XI)"},"content":{"rendered":"<p>\u00daltima actualizaci\u00f3n del Mclaren antes de las fotos finales.<\/p>\n<p>Empezamos con el acetato para el cristal:<\/p>\n<p style=\"text-align: center;\"><a href=\"http:\/\/blog.maquetea.com\/wp-content\/uploads\/2014\/01\/MP41-11-0.jpg\"><img loading=\"lazy\" decoding=\"async\" class=\"aligncenter size-full wp-image-1322\" alt=\"MP41 11 (0)\" src=\"http:\/\/blog.maquetea.com\/wp-content\/uploads\/2014\/01\/MP41-11-0.jpg\" width=\"640\" height=\"429\" srcset=\"http:\/\/blog.maquetea.com\/wp-content\/uploads\/2014\/01\/MP41-11-0.jpg 800w, http:\/\/blog.maquetea.com\/wp-content\/uploads\/2014\/01\/MP41-11-0-300x201.jpg 300w\" sizes=\"(max-width: 640px) 100vw, 640px\" \/><\/a><\/p>\n<p style=\"text-align: justify;\">Recortamos el hueco superior sin llegar al borde con una tijera peque\u00f1a:<\/p>\n<p style=\"text-align: center;\"><a href=\"http:\/\/blog.maquetea.com\/wp-content\/uploads\/2014\/01\/MP41-11-1.jpg\"><img loading=\"lazy\" decoding=\"async\" class=\"aligncenter size-full wp-image-1323\" alt=\"MP41 11 (1)\" src=\"http:\/\/blog.maquetea.com\/wp-content\/uploads\/2014\/01\/MP41-11-1.jpg\" width=\"640\" height=\"429\" srcset=\"http:\/\/blog.maquetea.com\/wp-content\/uploads\/2014\/01\/MP41-11-1.jpg 800w, http:\/\/blog.maquetea.com\/wp-content\/uploads\/2014\/01\/MP41-11-1-300x201.jpg 300w\" sizes=\"(max-width: 640px) 100vw, 640px\" \/><\/a><\/p>\n<p style=\"text-align: justify;\">Afinamos con limas y lijas hasta llegar al borde:<\/p>\n<p style=\"text-align: center;\"><a href=\"http:\/\/blog.maquetea.com\/wp-content\/uploads\/2014\/01\/MP41-11-2.jpg\"><img loading=\"lazy\" decoding=\"async\" class=\"aligncenter size-full wp-image-1324\" alt=\"MP41 11 (2)\" src=\"http:\/\/blog.maquetea.com\/wp-content\/uploads\/2014\/01\/MP41-11-2.jpg\" width=\"640\" height=\"429\" srcset=\"http:\/\/blog.maquetea.com\/wp-content\/uploads\/2014\/01\/MP41-11-2.jpg 800w, http:\/\/blog.maquetea.com\/wp-content\/uploads\/2014\/01\/MP41-11-2-300x201.jpg 300w\" sizes=\"(max-width: 640px) 100vw, 640px\" \/><\/a><\/p>\n<p style=\"text-align: justify;\">Vamos con el inferior y hacemos lo mismo:<\/p>\n<p style=\"text-align: center;\"><a href=\"http:\/\/blog.maquetea.com\/wp-content\/uploads\/2014\/01\/MP41-11-3.jpg\"><img loading=\"lazy\" decoding=\"async\" class=\"aligncenter size-full wp-image-1325\" alt=\"MP41 11 (3)\" src=\"http:\/\/blog.maquetea.com\/wp-content\/uploads\/2014\/01\/MP41-11-3.jpg\" width=\"640\" height=\"429\" srcset=\"http:\/\/blog.maquetea.com\/wp-content\/uploads\/2014\/01\/MP41-11-3.jpg 800w, http:\/\/blog.maquetea.com\/wp-content\/uploads\/2014\/01\/MP41-11-3-300x201.jpg 300w\" sizes=\"(max-width: 640px) 100vw, 640px\" \/><\/a><\/p>\n<p style=\"text-align: justify;\">Y volvemos a afinar, dejando listo el cristal. Por supuesto que vamos testeando cada corte o lijada que hacemos en el modelo:<\/p>\n<p style=\"text-align: center;\"><a href=\"http:\/\/blog.maquetea.com\/wp-content\/uploads\/2014\/01\/MP41-11-4.jpg\"><img loading=\"lazy\" decoding=\"async\" class=\"aligncenter size-full wp-image-1326\" alt=\"MP41 11 (4)\" src=\"http:\/\/blog.maquetea.com\/wp-content\/uploads\/2014\/01\/MP41-11-4.jpg\" width=\"640\" height=\"429\" srcset=\"http:\/\/blog.maquetea.com\/wp-content\/uploads\/2014\/01\/MP41-11-4.jpg 800w, http:\/\/blog.maquetea.com\/wp-content\/uploads\/2014\/01\/MP41-11-4-300x201.jpg 300w\" sizes=\"(max-width: 640px) 100vw, 640px\" \/><\/a><\/p>\n<p style=\"text-align: justify;\">Pasamos a la pintura del interior con negro mate, el cual lo diluimos un poco. Aqu\u00ed, he preferido pintar antes que poner la calca que viene en las instrucciones.<\/p>\n<p style=\"text-align: center;\"><a href=\"http:\/\/blog.maquetea.com\/wp-content\/uploads\/2014\/01\/MP41-11-6.jpg\"><img loading=\"lazy\" decoding=\"async\" class=\"aligncenter size-full wp-image-1327\" alt=\"MP41 11 (6)\" src=\"http:\/\/blog.maquetea.com\/wp-content\/uploads\/2014\/01\/MP41-11-6.jpg\" width=\"640\" height=\"429\" srcset=\"http:\/\/blog.maquetea.com\/wp-content\/uploads\/2014\/01\/MP41-11-6.jpg 800w, http:\/\/blog.maquetea.com\/wp-content\/uploads\/2014\/01\/MP41-11-6-300x201.jpg 300w\" sizes=\"(max-width: 640px) 100vw, 640px\" \/><\/a><\/p>\n<p style=\"text-align: justify;\">Tambi\u00e9n aprovecho para pintar los interiores de los deflectores de los alerones, aunque viendo despu\u00e9s las fotos del original, el delantero iba todo de blanco. Bueno&#8230;as\u00ed lo dejamos!<\/p>\n<p style=\"text-align: center;\"><a href=\"http:\/\/blog.maquetea.com\/wp-content\/uploads\/2014\/01\/MP41-11-11.jpg\"><img loading=\"lazy\" decoding=\"async\" class=\"aligncenter size-full wp-image-1329\" alt=\"MP41 11 (11)\" src=\"http:\/\/blog.maquetea.com\/wp-content\/uploads\/2014\/01\/MP41-11-11.jpg\" width=\"640\" height=\"429\" srcset=\"http:\/\/blog.maquetea.com\/wp-content\/uploads\/2014\/01\/MP41-11-11.jpg 800w, http:\/\/blog.maquetea.com\/wp-content\/uploads\/2014\/01\/MP41-11-11-300x201.jpg 300w\" sizes=\"(max-width: 640px) 100vw, 640px\" \/><\/a><\/p>\n<p style=\"text-align: justify;\">Aqu\u00ed vemos el resultado:<\/p>\n<p style=\"text-align: center;\"><a href=\"http:\/\/blog.maquetea.com\/wp-content\/uploads\/2014\/01\/MP41-11-7.jpg\"><img loading=\"lazy\" decoding=\"async\" class=\"aligncenter size-full wp-image-1328\" alt=\"MP41 11 (7)\" src=\"http:\/\/blog.maquetea.com\/wp-content\/uploads\/2014\/01\/MP41-11-7.jpg\" width=\"640\" height=\"429\" srcset=\"http:\/\/blog.maquetea.com\/wp-content\/uploads\/2014\/01\/MP41-11-7.jpg 800w, http:\/\/blog.maquetea.com\/wp-content\/uploads\/2014\/01\/MP41-11-7-300x201.jpg 300w\" sizes=\"(max-width: 640px) 100vw, 640px\" \/><\/a><\/p>\n<p style=\"text-align: justify;\">Pasamos a las piezas interiores. Aqu\u00ed he usado el macro para mostrar mejor las piezas. En el habit\u00e1culo, destacar que le he pasado una capa de barniz mate de la marca Alclad, con un resultado excelente. Tambi\u00e9n he a\u00f1adido el volante y la palanca de cambios:<\/p>\n<p style=\"text-align: center;\"><a href=\"http:\/\/blog.maquetea.com\/wp-content\/uploads\/2014\/01\/MP41-11-52.jpg\"><img loading=\"lazy\" decoding=\"async\" class=\"aligncenter size-full wp-image-1340\" alt=\"MP41 11 (52)\" src=\"http:\/\/blog.maquetea.com\/wp-content\/uploads\/2014\/01\/MP41-11-52.jpg\" width=\"640\" height=\"429\" srcset=\"http:\/\/blog.maquetea.com\/wp-content\/uploads\/2014\/01\/MP41-11-52.jpg 800w, http:\/\/blog.maquetea.com\/wp-content\/uploads\/2014\/01\/MP41-11-52-300x201.jpg 300w\" sizes=\"(max-width: 640px) 100vw, 640px\" \/><\/a><\/p>\n<p style=\"text-align: center;\"><a href=\"http:\/\/blog.maquetea.com\/wp-content\/uploads\/2014\/01\/MP41-11-49.jpg\"><img loading=\"lazy\" decoding=\"async\" class=\"aligncenter size-full wp-image-1339\" alt=\"MP41 11 (49)\" src=\"http:\/\/blog.maquetea.com\/wp-content\/uploads\/2014\/01\/MP41-11-49.jpg\" width=\"640\" height=\"429\" srcset=\"http:\/\/blog.maquetea.com\/wp-content\/uploads\/2014\/01\/MP41-11-49.jpg 800w, http:\/\/blog.maquetea.com\/wp-content\/uploads\/2014\/01\/MP41-11-49-300x201.jpg 300w\" sizes=\"(max-width: 640px) 100vw, 640px\" \/><\/a><\/p>\n<p style=\"text-align: center;\"><a href=\"http:\/\/blog.maquetea.com\/wp-content\/uploads\/2014\/01\/MP41-11-37.jpg\"><img loading=\"lazy\" decoding=\"async\" class=\"aligncenter size-full wp-image-1337\" alt=\"MP41 11 (37)\" src=\"http:\/\/blog.maquetea.com\/wp-content\/uploads\/2014\/01\/MP41-11-37.jpg\" width=\"640\" height=\"429\" srcset=\"http:\/\/blog.maquetea.com\/wp-content\/uploads\/2014\/01\/MP41-11-37.jpg 800w, http:\/\/blog.maquetea.com\/wp-content\/uploads\/2014\/01\/MP41-11-37-300x201.jpg 300w\" sizes=\"(max-width: 640px) 100vw, 640px\" \/><\/a><\/p>\n<p style=\"text-align: justify;\">Una imagen cercana de las ruedas:<\/p>\n<p style=\"text-align: center;\"><a href=\"http:\/\/blog.maquetea.com\/wp-content\/uploads\/2014\/01\/MP41-11-31.jpg\"><img loading=\"lazy\" decoding=\"async\" class=\"aligncenter size-full wp-image-1334\" alt=\"MP41 11 (31)\" src=\"http:\/\/blog.maquetea.com\/wp-content\/uploads\/2014\/01\/MP41-11-31.jpg\" width=\"640\" height=\"429\" srcset=\"http:\/\/blog.maquetea.com\/wp-content\/uploads\/2014\/01\/MP41-11-31.jpg 800w, http:\/\/blog.maquetea.com\/wp-content\/uploads\/2014\/01\/MP41-11-31-300x201.jpg 300w\" sizes=\"(max-width: 640px) 100vw, 640px\" \/><\/a><\/p>\n<p style=\"text-align: justify;\">y de otras piezas a montar:<\/p>\n<p style=\"text-align: center;\"><a href=\"http:\/\/blog.maquetea.com\/wp-content\/uploads\/2014\/01\/MP41-11-30.jpg\"><img loading=\"lazy\" decoding=\"async\" class=\"aligncenter size-full wp-image-1333\" alt=\"MP41 11 (30)\" src=\"http:\/\/blog.maquetea.com\/wp-content\/uploads\/2014\/01\/MP41-11-30.jpg\" width=\"640\" height=\"429\" srcset=\"http:\/\/blog.maquetea.com\/wp-content\/uploads\/2014\/01\/MP41-11-30.jpg 800w, http:\/\/blog.maquetea.com\/wp-content\/uploads\/2014\/01\/MP41-11-30-300x201.jpg 300w\" sizes=\"(max-width: 640px) 100vw, 640px\" \/><\/a><\/p>\n<p style=\"text-align: justify;\">Detr\u00e1s le pegamos el faro que viene en el kit;<\/p>\n<p style=\"text-align: center;\"><a href=\"http:\/\/blog.maquetea.com\/wp-content\/uploads\/2014\/01\/MP41-11-35.jpg\"><img loading=\"lazy\" decoding=\"async\" class=\"aligncenter size-full wp-image-1336\" alt=\"MP41 11 (35)\" src=\"http:\/\/blog.maquetea.com\/wp-content\/uploads\/2014\/01\/MP41-11-35.jpg\" width=\"640\" height=\"429\" srcset=\"http:\/\/blog.maquetea.com\/wp-content\/uploads\/2014\/01\/MP41-11-35.jpg 800w, http:\/\/blog.maquetea.com\/wp-content\/uploads\/2014\/01\/MP41-11-35-300x201.jpg 300w\" sizes=\"(max-width: 640px) 100vw, 640px\" \/><\/a><\/p>\n<p style=\"text-align: center;\"><a href=\"http:\/\/blog.maquetea.com\/wp-content\/uploads\/2014\/01\/MP41-11-33.jpg\"><img loading=\"lazy\" decoding=\"async\" class=\"aligncenter size-full wp-image-1335\" alt=\"MP41 11 (33)\" src=\"http:\/\/blog.maquetea.com\/wp-content\/uploads\/2014\/01\/MP41-11-33.jpg\" width=\"640\" height=\"429\" srcset=\"http:\/\/blog.maquetea.com\/wp-content\/uploads\/2014\/01\/MP41-11-33.jpg 800w, http:\/\/blog.maquetea.com\/wp-content\/uploads\/2014\/01\/MP41-11-33-300x201.jpg 300w\" sizes=\"(max-width: 640px) 100vw, 640px\" \/><\/a><\/p>\n<p style=\"text-align: justify;\">Y ya que estamos con el macro, una prueba de lo que puede pasar: la &#8220;a&#8221; de Watson no es una arroba (@), es un pelo que se me col\u00f3 y no lo vi:<\/p>\n<p style=\"text-align: center;\"><a href=\"http:\/\/blog.maquetea.com\/wp-content\/uploads\/2014\/01\/MP41-11-38.jpg\"><img loading=\"lazy\" decoding=\"async\" class=\"aligncenter size-full wp-image-1338\" alt=\"MP41 11 (38)\" src=\"http:\/\/blog.maquetea.com\/wp-content\/uploads\/2014\/01\/MP41-11-38.jpg\" width=\"640\" height=\"429\" srcset=\"http:\/\/blog.maquetea.com\/wp-content\/uploads\/2014\/01\/MP41-11-38.jpg 800w, http:\/\/blog.maquetea.com\/wp-content\/uploads\/2014\/01\/MP41-11-38-300x201.jpg 300w\" sizes=\"(max-width: 640px) 100vw, 640px\" \/><\/a><\/p>\n<p style=\"text-align: justify;\">Y ya tenemos todas las piezas para el armado final:<\/p>\n<p style=\"text-align: center;\"><a href=\"http:\/\/blog.maquetea.com\/wp-content\/uploads\/2014\/01\/MP41-11-21.jpg\"><img loading=\"lazy\" decoding=\"async\" class=\"aligncenter size-full wp-image-1332\" alt=\"MP41 11 (21)\" src=\"http:\/\/blog.maquetea.com\/wp-content\/uploads\/2014\/01\/MP41-11-21.jpg\" width=\"640\" height=\"429\" srcset=\"http:\/\/blog.maquetea.com\/wp-content\/uploads\/2014\/01\/MP41-11-21.jpg 800w, http:\/\/blog.maquetea.com\/wp-content\/uploads\/2014\/01\/MP41-11-21-300x201.jpg 300w\" sizes=\"(max-width: 640px) 100vw, 640px\" \/><\/a><\/p>\n<p style=\"text-align: justify;\">Empezamos por el chasis:<\/p>\n<p style=\"text-align: center;\"><a href=\"http:\/\/blog.maquetea.com\/wp-content\/uploads\/2014\/01\/MP41-11-59.jpg\"><img loading=\"lazy\" decoding=\"async\" class=\"aligncenter size-full wp-image-1342\" alt=\"MP41 11 (59)\" src=\"http:\/\/blog.maquetea.com\/wp-content\/uploads\/2014\/01\/MP41-11-59.jpg\" width=\"640\" height=\"429\" srcset=\"http:\/\/blog.maquetea.com\/wp-content\/uploads\/2014\/01\/MP41-11-59.jpg 800w, http:\/\/blog.maquetea.com\/wp-content\/uploads\/2014\/01\/MP41-11-59-300x201.jpg 300w\" sizes=\"(max-width: 640px) 100vw, 640px\" \/><\/a><\/p>\n<p style=\"text-align: justify;\">Y le ponemos el tornillo que viene para fijarlo a la carrocer\u00eda:<\/p>\n<p style=\"text-align: center;\"><a href=\"http:\/\/blog.maquetea.com\/wp-content\/uploads\/2014\/01\/MP41-11-58.jpg\"><img loading=\"lazy\" decoding=\"async\" class=\"aligncenter size-full wp-image-1341\" alt=\"MP41 11 (58)\" src=\"http:\/\/blog.maquetea.com\/wp-content\/uploads\/2014\/01\/MP41-11-58.jpg\" width=\"640\" height=\"429\" srcset=\"http:\/\/blog.maquetea.com\/wp-content\/uploads\/2014\/01\/MP41-11-58.jpg 800w, http:\/\/blog.maquetea.com\/wp-content\/uploads\/2014\/01\/MP41-11-58-300x201.jpg 300w\" sizes=\"(max-width: 640px) 100vw, 640px\" \/><\/a><\/p>\n<p style=\"text-align: center;\"><a href=\"http:\/\/blog.maquetea.com\/wp-content\/uploads\/2014\/01\/MP41-11-20.jpg\"><img loading=\"lazy\" decoding=\"async\" class=\"aligncenter size-full wp-image-1331\" alt=\"MP41 11 (20)\" src=\"http:\/\/blog.maquetea.com\/wp-content\/uploads\/2014\/01\/MP41-11-20.jpg\" width=\"640\" height=\"429\" srcset=\"http:\/\/blog.maquetea.com\/wp-content\/uploads\/2014\/01\/MP41-11-20.jpg 800w, http:\/\/blog.maquetea.com\/wp-content\/uploads\/2014\/01\/MP41-11-20-300x201.jpg 300w\" sizes=\"(max-width: 640px) 100vw, 640px\" \/><\/a><\/p>\n<p style=\"text-align: justify;\">Le ponemos el cristal, espejos, barra y protectores de las trompetas de admisi\u00f3n:<\/p>\n<p style=\"text-align: center;\"><a href=\"http:\/\/blog.maquetea.com\/wp-content\/uploads\/2014\/01\/MP41-11-73.jpg\"><img loading=\"lazy\" decoding=\"async\" class=\"aligncenter size-full wp-image-1343\" alt=\"MP41 11 (73)\" src=\"http:\/\/blog.maquetea.com\/wp-content\/uploads\/2014\/01\/MP41-11-73.jpg\" width=\"640\" height=\"429\" srcset=\"http:\/\/blog.maquetea.com\/wp-content\/uploads\/2014\/01\/MP41-11-73.jpg 800w, http:\/\/blog.maquetea.com\/wp-content\/uploads\/2014\/01\/MP41-11-73-300x201.jpg 300w\" sizes=\"(max-width: 640px) 100vw, 640px\" \/><\/a><\/p>\n<p style=\"text-align: center;\">\n<p style=\"text-align: center;\"><a href=\"http:\/\/blog.maquetea.com\/wp-content\/uploads\/2014\/01\/MP41-11-74.jpg\"><img loading=\"lazy\" decoding=\"async\" class=\"aligncenter size-full wp-image-1321\" alt=\"MP41 11 (74)\" src=\"http:\/\/blog.maquetea.com\/wp-content\/uploads\/2014\/01\/MP41-11-74.jpg\" width=\"640\" height=\"429\" srcset=\"http:\/\/blog.maquetea.com\/wp-content\/uploads\/2014\/01\/MP41-11-74.jpg 800w, http:\/\/blog.maquetea.com\/wp-content\/uploads\/2014\/01\/MP41-11-74-300x201.jpg 300w\" sizes=\"(max-width: 640px) 100vw, 640px\" \/><\/a><\/p>\n<p style=\"text-align: center;\">\n<p style=\"text-align: justify;\">Solo queda el ensamble final, pegando las ruedas, suspensiones delanteras y aler\u00f3n, fij\u00e1ndose muy bien en que todo est\u00e9 alineado. Una muestra del mismo:<\/p>\n<p style=\"text-align: center;\"><a href=\"http:\/\/blog.maquetea.com\/wp-content\/uploads\/2014\/01\/MP41-FIN-6.jpg\"><img loading=\"lazy\" decoding=\"async\" class=\"aligncenter size-full wp-image-1350\" alt=\"MP41 FIN (6)\" src=\"http:\/\/blog.maquetea.com\/wp-content\/uploads\/2014\/01\/MP41-FIN-6.jpg\" width=\"640\" height=\"429\" srcset=\"http:\/\/blog.maquetea.com\/wp-content\/uploads\/2014\/01\/MP41-FIN-6.jpg 800w, http:\/\/blog.maquetea.com\/wp-content\/uploads\/2014\/01\/MP41-FIN-6-300x201.jpg 300w\" sizes=\"(max-width: 640px) 100vw, 640px\" \/><\/a><\/p>\n<p style=\"text-align: justify;\">En el pr\u00f3ximo post, todas las fotos finales!!<\/p>\n<p style=\"text-align: justify;\">Gracias por mirar y comentar!<\/p>\n","protected":false},"excerpt":{"rendered":"<p>\u00daltima actualizaci\u00f3n del Mclaren antes de las fotos finales. Empezamos con el acetato para el cristal: Recortamos el hueco superior sin llegar al borde con una tijera peque\u00f1a: Afinamos con limas y lijas hasta llegar al borde: Vamos con el &hellip; <a href=\"http:\/\/blog.maquetea.com\/?p=1355\">Continue reading <span class=\"meta-nav\">&rarr;<\/span><\/a><\/p>\n","protected":false},"author":1,"featured_media":0,"comment_status":"open","ping_status":"open","sticky":false,"template":"","format":"standard","meta":{"footnotes":""},"categories":[181],"tags":[131,92,190],"_links":{"self":[{"href":"http:\/\/blog.maquetea.com\/index.php?rest_route=\/wp\/v2\/posts\/1355"}],"collection":[{"href":"http:\/\/blog.maquetea.com\/index.php?rest_route=\/wp\/v2\/posts"}],"about":[{"href":"http:\/\/blog.maquetea.com\/index.php?rest_route=\/wp\/v2\/types\/post"}],"author":[{"embeddable":true,"href":"http:\/\/blog.maquetea.com\/index.php?rest_route=\/wp\/v2\/users\/1"}],"replies":[{"embeddable":true,"href":"http:\/\/blog.maquetea.com\/index.php?rest_route=%2Fwp%2Fv2%2Fcomments&post=1355"}],"version-history":[{"count":2,"href":"http:\/\/blog.maquetea.com\/index.php?rest_route=\/wp\/v2\/posts\/1355\/revisions"}],"predecessor-version":[{"id":1357,"href":"http:\/\/blog.maquetea.com\/index.php?rest_route=\/wp\/v2\/posts\/1355\/revisions\/1357"}],"wp:attachment":[{"href":"http:\/\/blog.maquetea.com\/index.php?rest_route=%2Fwp%2Fv2%2Fmedia&parent=1355"}],"wp:term":[{"taxonomy":"category","embeddable":true,"href":"http:\/\/blog.maquetea.com\/index.php?rest_route=%2Fwp%2Fv2%2Fcategories&post=1355"},{"taxonomy":"post_tag","embeddable":true,"href":"http:\/\/blog.maquetea.com\/index.php?rest_route=%2Fwp%2Fv2%2Ftags&post=1355"}],"curies":[{"name":"wp","href":"https:\/\/api.w.org\/{rel}","templated":true}]}}