{"id":12015,"date":"2026-03-13T10:23:52","date_gmt":"2026-03-13T09:23:52","guid":{"rendered":"http:\/\/blog.maquetea.com\/?p=12015"},"modified":"2026-03-13T10:23:52","modified_gmt":"2026-03-13T09:23:52","slug":"trabajos-3d-con-fusion-1","status":"publish","type":"post","link":"http:\/\/blog.maquetea.com\/?p=12015","title":{"rendered":"Trabajos 3D con Fusion #1"},"content":{"rendered":"\n<p>Hola a todos. Con el paso del tiempo, me he dado cuenta que mis progresos en modelismo est\u00e1n estancados en cuanto tengo que hacer piezas complejas y peque\u00f1as, y pintarlas posteriormente, por que con mis manos, las herramientas y los materieles existentes, no me permiten llegar a ellas. As\u00ed pues, y viendo los que otros modelistas o artesanos pueden llegar a hacer, estoy trabajando en el modelado 3D con el programa Fusion desde Enero. Mi idea con este aprendizaje, es llegar obtener las piezas necesarias para detallar mis kits, y as\u00ed, continuar con mi aprendizaje model\u00edstico y que no se quede estancado.<\/p>\n\n\n\n<p class=\"has-blue-color has-text-color has-link-color wp-elements-080df8b6029abed757b8ed36bd42bc16\">Hello everyone. Over time, I&#8217;ve realized that my progress in model making has stalled when I have to create and paint small or complex pieces, because my hands, tools, and available materials simply don&#8217;t allow me to achieve that level of detail. So, seeing what other modelers and craftspeople can accomplish, I&#8217;ve been working on 3D modeling with Fusion since January. My goal with this learning process is to create the necessary pieces to detail my kits, thus continuing my modeling development and preventing it from stagnating.<\/p>\n\n\n\n<p>El programa Fusi\u00f3n es muy f\u00e1cil e intuitivo en cuanto coges la idea de como preparar las piezas. Mi amigo Mario Vallina, me ha ayudado mucho a la hora de entrar en esta aplicaci\u00f3n, y junto a los videos que hay en Youtube, en estos dos meses he avanzado mucho. He de decir que me gusta el dise\u00f1o de piezas y el dibujo t\u00e9cnico, por lo que algo ya ten\u00eda de base. Y hasta que no tenga una propia impresora, donde pueda obtener las piezas fisicas, he empezado a hacer dise\u00f1os sin medidas exactas y a ojo, de piezas que, o me han costado hacerlas desde cero, o que pueda necesitar en futuros kits que tengo pendientes de hacer. Deciros que son pruebas y que pueden no ser exactamente como las piezas reales, que les falten partes o curvaturas. SOn trabajos para conocer la herramienta.  Y empezamos con ellas:<\/p>\n\n\n\n<p class=\"has-blue-color has-text-color has-link-color wp-elements-1ee2a89696d631238f9972ba1abe8311\">The Fusion program is very easy and intuitive once you grasp how to prepare the parts. My friend Mario Vallina has been a great help in getting started with this application, and along with the videos on YouTube, I&#8217;ve made a lot of progress in these two months. I should mention that I enjoy parts design and technical drawing, so I already had some basic knowledge. Until I have my own printer where I can obtain physical parts, I&#8217;ve started making designs without exact measurements, just eyeballing them. These are parts that were either difficult to make from scratch or that I might need in future kits I have planned. These are just tests, and they may not be exactly like the real parts; they might be missing pieces or have curves. They&#8217;re exercises to familiarize myself with the tool. So, let&#8217;s begin:<\/p>\n\n\n\n<p>Amortiguador de coche de competici\u00f3n: <\/p>\n\n\n\n<p class=\"has-blue-color has-text-color has-link-color wp-elements-35b415d1fdba496ff4e717487d1d9f46\">Racing car shock absorber:<\/p>\n\n\n<div class=\"wp-block-image\">\n<figure class=\"aligncenter\"><a href=\"http:\/\/blog.maquetea.com\/wp-content\/uploads\/2026\/03\/Amortiguador.jpg\"><img loading=\"lazy\" decoding=\"async\" width=\"850\" height=\"400\" src=\"http:\/\/blog.maquetea.com\/wp-content\/uploads\/2026\/03\/Amortiguador.jpg\" alt=\"\" class=\"wp-image-12001\" srcset=\"http:\/\/blog.maquetea.com\/wp-content\/uploads\/2026\/03\/Amortiguador.jpg 850w, http:\/\/blog.maquetea.com\/wp-content\/uploads\/2026\/03\/Amortiguador-300x141.jpg 300w, http:\/\/blog.maquetea.com\/wp-content\/uploads\/2026\/03\/Amortiguador-768x361.jpg 768w\" sizes=\"(max-width: 850px) 100vw, 850px\" \/><\/a><\/figure><\/div>\n\n\n<p>Del BMW M3 E 30, tengo todas estas piezas: <\/p>\n\n\n\n<p class=\"has-blue-color has-text-color has-link-color wp-elements-9c69bc1914dea6fa83ed565dd4b83ef0\">From the BMW M3 E30, I have all these parts:<\/p>\n\n\n\n<ul>\n<li>Repartidor de frenos:<\/li>\n<\/ul>\n\n\n\n<p class=\"has-blue-color has-text-color has-link-color wp-elements-56f0de6a8871695a65a471e816f67314\">Brake proportioning valve:<\/p>\n\n\n<div class=\"wp-block-image\">\n<figure class=\"aligncenter\"><a href=\"http:\/\/blog.maquetea.com\/wp-content\/uploads\/2026\/03\/Repartidor-frenada.jpg\"><img loading=\"lazy\" decoding=\"async\" width=\"850\" height=\"400\" src=\"http:\/\/blog.maquetea.com\/wp-content\/uploads\/2026\/03\/Repartidor-frenada.jpg\" alt=\"\" class=\"wp-image-12014\" srcset=\"http:\/\/blog.maquetea.com\/wp-content\/uploads\/2026\/03\/Repartidor-frenada.jpg 850w, http:\/\/blog.maquetea.com\/wp-content\/uploads\/2026\/03\/Repartidor-frenada-300x141.jpg 300w, http:\/\/blog.maquetea.com\/wp-content\/uploads\/2026\/03\/Repartidor-frenada-768x361.jpg 768w\" sizes=\"(max-width: 850px) 100vw, 850px\" \/><\/a><\/figure><\/div>\n\n\n<ul>\n<li>Entrada de aire que tiene delande del parabrisas:<\/li>\n<\/ul>\n\n\n\n<p class=\"has-blue-color has-text-color has-link-color wp-elements-7c020257b9fba8b27a5a990d8b21f7c7\">Air intake located in front of the windshield:<\/p>\n\n\n<div class=\"wp-block-image\">\n<figure class=\"aligncenter\"><a href=\"http:\/\/blog.maquetea.com\/wp-content\/uploads\/2026\/03\/Rejilla-parabrisas.jpg\"><img loading=\"lazy\" decoding=\"async\" width=\"850\" height=\"400\" src=\"http:\/\/blog.maquetea.com\/wp-content\/uploads\/2026\/03\/Rejilla-parabrisas.jpg\" alt=\"\" class=\"wp-image-12012\" srcset=\"http:\/\/blog.maquetea.com\/wp-content\/uploads\/2026\/03\/Rejilla-parabrisas.jpg 850w, http:\/\/blog.maquetea.com\/wp-content\/uploads\/2026\/03\/Rejilla-parabrisas-300x141.jpg 300w, http:\/\/blog.maquetea.com\/wp-content\/uploads\/2026\/03\/Rejilla-parabrisas-768x361.jpg 768w\" sizes=\"(max-width: 850px) 100vw, 850px\" \/><\/a><\/figure><\/div>\n\n\n<ul>\n<li>Caja de fusibles:<\/li>\n<\/ul>\n\n\n\n<p class=\"has-blue-color has-text-color has-link-color wp-elements-3c24ae731871648becf1fefd23164e21\">Fuse box:<\/p>\n\n\n<div class=\"wp-block-image\">\n<figure class=\"aligncenter\"><a href=\"http:\/\/blog.maquetea.com\/wp-content\/uploads\/2026\/03\/Caja-fusibles-M3.jpg\"><img loading=\"lazy\" decoding=\"async\" width=\"850\" height=\"400\" src=\"http:\/\/blog.maquetea.com\/wp-content\/uploads\/2026\/03\/Caja-fusibles-M3.jpg\" alt=\"\" class=\"wp-image-12006\" srcset=\"http:\/\/blog.maquetea.com\/wp-content\/uploads\/2026\/03\/Caja-fusibles-M3.jpg 850w, http:\/\/blog.maquetea.com\/wp-content\/uploads\/2026\/03\/Caja-fusibles-M3-300x141.jpg 300w, http:\/\/blog.maquetea.com\/wp-content\/uploads\/2026\/03\/Caja-fusibles-M3-768x361.jpg 768w\" sizes=\"(max-width: 850px) 100vw, 850px\" \/><\/a><\/figure><\/div>\n\n\n<ul>\n<li>Conjunto de base y bisagra del capo, pieza conjunta y despiece:<\/li>\n<\/ul>\n\n\n\n<p class=\"has-blue-color has-text-color has-link-color wp-elements-48d6b2717f67f6419a85d16ebfa8c442\">Hood base and hinge assembly, joint and parts breakdown:<\/p>\n\n\n<div class=\"wp-block-image\">\n<figure class=\"aligncenter\"><a href=\"http:\/\/blog.maquetea.com\/wp-content\/uploads\/2026\/03\/Bisagra-Capo.jpg\"><img loading=\"lazy\" decoding=\"async\" width=\"850\" height=\"400\" src=\"http:\/\/blog.maquetea.com\/wp-content\/uploads\/2026\/03\/Bisagra-Capo.jpg\" alt=\"\" class=\"wp-image-12002\" srcset=\"http:\/\/blog.maquetea.com\/wp-content\/uploads\/2026\/03\/Bisagra-Capo.jpg 850w, http:\/\/blog.maquetea.com\/wp-content\/uploads\/2026\/03\/Bisagra-Capo-300x141.jpg 300w, http:\/\/blog.maquetea.com\/wp-content\/uploads\/2026\/03\/Bisagra-Capo-768x361.jpg 768w\" sizes=\"(max-width: 850px) 100vw, 850px\" \/><\/a><\/figure><\/div>\n\n\n<p>Entrada de aire de coches de los a\u00f1os 80 o 90:<\/p>\n\n\n\n<p class=\"has-blue-color has-text-color has-link-color wp-elements-8fb8ab133281508ebfce0b3311d15950\">Car air intake from the 80s or 90s:<\/p>\n\n\n<div class=\"wp-block-image\">\n<figure class=\"aligncenter\"><a href=\"http:\/\/blog.maquetea.com\/wp-content\/uploads\/2026\/03\/Rejillas-entrada-de-aire.jpg\"><img loading=\"lazy\" decoding=\"async\" width=\"850\" height=\"400\" src=\"http:\/\/blog.maquetea.com\/wp-content\/uploads\/2026\/03\/Rejillas-entrada-de-aire.jpg\" alt=\"\" class=\"wp-image-12013\" srcset=\"http:\/\/blog.maquetea.com\/wp-content\/uploads\/2026\/03\/Rejillas-entrada-de-aire.jpg 850w, http:\/\/blog.maquetea.com\/wp-content\/uploads\/2026\/03\/Rejillas-entrada-de-aire-300x141.jpg 300w, http:\/\/blog.maquetea.com\/wp-content\/uploads\/2026\/03\/Rejillas-entrada-de-aire-768x361.jpg 768w\" sizes=\"(max-width: 850px) 100vw, 850px\" \/><\/a><\/figure><\/div>\n\n\n<p>Llanta Braid de los a\u00f1os 80 y 90 de los campeonatos espa\u00f1oles:<\/p>\n\n\n\n<p class=\"has-blue-color has-text-color has-link-color wp-elements-b6a61c22e13f2bd606fefee4a0234ede\">Braid rim from the 80s and 90s used in the Spanish championships:<\/p>\n\n\n<div class=\"wp-block-image\">\n<figure class=\"aligncenter\"><a href=\"http:\/\/blog.maquetea.com\/wp-content\/uploads\/2026\/03\/Llanta-Braid-10-palos-Del.jpg\"><img loading=\"lazy\" decoding=\"async\" width=\"850\" height=\"400\" src=\"http:\/\/blog.maquetea.com\/wp-content\/uploads\/2026\/03\/Llanta-Braid-10-palos-Del.jpg\" alt=\"\" class=\"wp-image-12011\" srcset=\"http:\/\/blog.maquetea.com\/wp-content\/uploads\/2026\/03\/Llanta-Braid-10-palos-Del.jpg 850w, http:\/\/blog.maquetea.com\/wp-content\/uploads\/2026\/03\/Llanta-Braid-10-palos-Del-300x141.jpg 300w, http:\/\/blog.maquetea.com\/wp-content\/uploads\/2026\/03\/Llanta-Braid-10-palos-Del-768x361.jpg 768w\" sizes=\"(max-width: 850px) 100vw, 850px\" \/><\/a><\/figure><\/div>\n\n\n<p>Fijaci\u00f3n del volante en turismos de competici\u00f3n:<\/p>\n\n\n\n<p class=\"has-blue-color has-text-color has-link-color wp-elements-396af61c05c7b0b7ad3da929670799e3\">Steering wheel mounting in racing cars:<\/p>\n\n\n<div class=\"wp-block-image\">\n<figure class=\"aligncenter\"><a href=\"http:\/\/blog.maquetea.com\/wp-content\/uploads\/2026\/03\/Desenganche-de-volante-GT3.jpg\"><img loading=\"lazy\" decoding=\"async\" width=\"850\" height=\"400\" src=\"http:\/\/blog.maquetea.com\/wp-content\/uploads\/2026\/03\/Desenganche-de-volante-GT3.jpg\" alt=\"\" class=\"wp-image-12010\" srcset=\"http:\/\/blog.maquetea.com\/wp-content\/uploads\/2026\/03\/Desenganche-de-volante-GT3.jpg 850w, http:\/\/blog.maquetea.com\/wp-content\/uploads\/2026\/03\/Desenganche-de-volante-GT3-300x141.jpg 300w, http:\/\/blog.maquetea.com\/wp-content\/uploads\/2026\/03\/Desenganche-de-volante-GT3-768x361.jpg 768w\" sizes=\"(max-width: 850px) 100vw, 850px\" \/><\/a><\/figure><\/div>\n\n\n<p>Corta corriente:<\/p>\n\n\n\n<p class=\"has-blue-color has-text-color has-link-color wp-elements-ba56864a5948423133f215a1fb2eb89c\">Cut off the power:<\/p>\n\n\n<div class=\"wp-block-image\">\n<figure class=\"aligncenter\"><a href=\"http:\/\/blog.maquetea.com\/wp-content\/uploads\/2026\/03\/Corta-Corriente.jpg\"><img loading=\"lazy\" decoding=\"async\" width=\"850\" height=\"400\" src=\"http:\/\/blog.maquetea.com\/wp-content\/uploads\/2026\/03\/Corta-Corriente.jpg\" alt=\"\" class=\"wp-image-12009\" srcset=\"http:\/\/blog.maquetea.com\/wp-content\/uploads\/2026\/03\/Corta-Corriente.jpg 850w, http:\/\/blog.maquetea.com\/wp-content\/uploads\/2026\/03\/Corta-Corriente-300x141.jpg 300w, http:\/\/blog.maquetea.com\/wp-content\/uploads\/2026\/03\/Corta-Corriente-768x361.jpg 768w\" sizes=\"(max-width: 850px) 100vw, 850px\" \/><\/a><\/figure><\/div>\n\n\n<p>Bisagra porton Lancia Delta S4:<\/p>\n\n\n\n<p class=\"has-blue-color has-text-color has-link-color wp-elements-3bf94565eb5af11e0a3840edb434c46d\">Lancia Delta S4 tailgate hinge:<\/p>\n\n\n<div class=\"wp-block-image\">\n<figure class=\"aligncenter\"><a href=\"http:\/\/blog.maquetea.com\/wp-content\/uploads\/2026\/03\/Cierre-porton-037.jpg\"><img loading=\"lazy\" decoding=\"async\" width=\"850\" height=\"400\" src=\"http:\/\/blog.maquetea.com\/wp-content\/uploads\/2026\/03\/Cierre-porton-037.jpg\" alt=\"\" class=\"wp-image-12008\" srcset=\"http:\/\/blog.maquetea.com\/wp-content\/uploads\/2026\/03\/Cierre-porton-037.jpg 850w, http:\/\/blog.maquetea.com\/wp-content\/uploads\/2026\/03\/Cierre-porton-037-300x141.jpg 300w, http:\/\/blog.maquetea.com\/wp-content\/uploads\/2026\/03\/Cierre-porton-037-768x361.jpg 768w\" sizes=\"(max-width: 850px) 100vw, 850px\" \/><\/a><\/figure><\/div>\n\n\n<p>Bisagra usada en Lancia:<\/p>\n\n\n\n<p class=\"has-blue-color has-text-color has-link-color wp-elements-b4e12959cc9bdcc9a93cf17c77465460\">Hinge used in Lancia cars:<\/p>\n\n\n<div class=\"wp-block-image\">\n<figure class=\"aligncenter\"><a href=\"http:\/\/blog.maquetea.com\/wp-content\/uploads\/2026\/03\/Cierre-capo-037-y-S4.jpg\"><img loading=\"lazy\" decoding=\"async\" width=\"850\" height=\"400\" src=\"http:\/\/blog.maquetea.com\/wp-content\/uploads\/2026\/03\/Cierre-capo-037-y-S4.jpg\" alt=\"\" class=\"wp-image-12007\" srcset=\"http:\/\/blog.maquetea.com\/wp-content\/uploads\/2026\/03\/Cierre-capo-037-y-S4.jpg 850w, http:\/\/blog.maquetea.com\/wp-content\/uploads\/2026\/03\/Cierre-capo-037-y-S4-300x141.jpg 300w, http:\/\/blog.maquetea.com\/wp-content\/uploads\/2026\/03\/Cierre-capo-037-y-S4-768x361.jpg 768w\" sizes=\"(max-width: 850px) 100vw, 850px\" \/><\/a><\/figure><\/div>\n\n\n<p>Bisagra port\u00f3n del Lancia 037:<\/p>\n\n\n\n<p class=\"has-blue-color has-text-color has-link-color wp-elements-30a25a2b1b1223360305d77f4dfb28e1\">Lancia 037 tailgate hinge:<\/p>\n\n\n<div class=\"wp-block-image\">\n<figure class=\"aligncenter\"><a href=\"http:\/\/blog.maquetea.com\/wp-content\/uploads\/2026\/03\/Bisagra-porton.jpg\"><img loading=\"lazy\" decoding=\"async\" width=\"850\" height=\"400\" src=\"http:\/\/blog.maquetea.com\/wp-content\/uploads\/2026\/03\/Bisagra-porton.jpg\" alt=\"\" class=\"wp-image-12004\" srcset=\"http:\/\/blog.maquetea.com\/wp-content\/uploads\/2026\/03\/Bisagra-porton.jpg 850w, http:\/\/blog.maquetea.com\/wp-content\/uploads\/2026\/03\/Bisagra-porton-300x141.jpg 300w, http:\/\/blog.maquetea.com\/wp-content\/uploads\/2026\/03\/Bisagra-porton-768x361.jpg 768w\" sizes=\"(max-width: 850px) 100vw, 850px\" \/><\/a><\/figure><\/div>\n\n\n<p>Bisagra puertas del Land Rover modelo 88 o 109:<\/p>\n\n\n\n<p class=\"has-blue-color has-text-color has-link-color wp-elements-492687e73f8c631f5b5cb0014ed9db5b\">Door hinges for Land Rover model 88 or 109:<\/p>\n\n\n<div class=\"wp-block-image\">\n<figure class=\"aligncenter\"><a href=\"http:\/\/blog.maquetea.com\/wp-content\/uploads\/2026\/03\/Bisagra-puertas.jpg\"><img loading=\"lazy\" decoding=\"async\" width=\"850\" height=\"400\" src=\"http:\/\/blog.maquetea.com\/wp-content\/uploads\/2026\/03\/Bisagra-puertas.jpg\" alt=\"\" class=\"wp-image-12005\" srcset=\"http:\/\/blog.maquetea.com\/wp-content\/uploads\/2026\/03\/Bisagra-puertas.jpg 850w, http:\/\/blog.maquetea.com\/wp-content\/uploads\/2026\/03\/Bisagra-puertas-300x141.jpg 300w, http:\/\/blog.maquetea.com\/wp-content\/uploads\/2026\/03\/Bisagra-puertas-768x361.jpg 768w\" sizes=\"(max-width: 850px) 100vw, 850px\" \/><\/a><\/figure><\/div>\n\n\n<p>Bisagra y su despiece:<\/p>\n\n\n\n<p class=\"has-blue-color has-text-color has-link-color wp-elements-0b3a4caf26f2de9f7a629c6ec4a47393\">Hinge and its parts breakdown:<\/p>\n\n\n<div class=\"wp-block-image\">\n<figure class=\"aligncenter\"><a href=\"http:\/\/blog.maquetea.com\/wp-content\/uploads\/2026\/03\/Bisagra-completa.jpg\"><img loading=\"lazy\" decoding=\"async\" width=\"850\" height=\"400\" src=\"http:\/\/blog.maquetea.com\/wp-content\/uploads\/2026\/03\/Bisagra-completa.jpg\" alt=\"\" class=\"wp-image-12003\" srcset=\"http:\/\/blog.maquetea.com\/wp-content\/uploads\/2026\/03\/Bisagra-completa.jpg 850w, http:\/\/blog.maquetea.com\/wp-content\/uploads\/2026\/03\/Bisagra-completa-300x141.jpg 300w, http:\/\/blog.maquetea.com\/wp-content\/uploads\/2026\/03\/Bisagra-completa-768x361.jpg 768w\" sizes=\"(max-width: 850px) 100vw, 850px\" \/><\/a><\/figure><\/div>\n\n\n<p>Hasta aqu\u00ed he llegado y espero ir poni\u00e9ndoos mis progresos. Espero que os guste!<\/p>\n\n\n\n<p class=\"has-blue-color has-text-color has-link-color wp-elements-00fef6d13333aed46ffaefacd45ff402\">This is as far as I&#8217;ve gotten, and I hope to keep you updated on my progress. I hope you like it!<\/p>\n","protected":false},"excerpt":{"rendered":"<p>Hola a todos. Con el paso del tiempo, me he dado cuenta que mis progresos en modelismo est\u00e1n estancados en cuanto tengo que hacer piezas complejas y peque\u00f1as, y pintarlas posteriormente, por que con mis manos, las herramientas y los &hellip; <a href=\"http:\/\/blog.maquetea.com\/?p=12015\">Continue reading <span class=\"meta-nav\">&rarr;<\/span><\/a><\/p>\n","protected":false},"author":1,"featured_media":0,"comment_status":"open","ping_status":"open","sticky":false,"template":"","format":"standard","meta":{"footnotes":"[]"},"categories":[360],"tags":[],"_links":{"self":[{"href":"http:\/\/blog.maquetea.com\/index.php?rest_route=\/wp\/v2\/posts\/12015"}],"collection":[{"href":"http:\/\/blog.maquetea.com\/index.php?rest_route=\/wp\/v2\/posts"}],"about":[{"href":"http:\/\/blog.maquetea.com\/index.php?rest_route=\/wp\/v2\/types\/post"}],"author":[{"embeddable":true,"href":"http:\/\/blog.maquetea.com\/index.php?rest_route=\/wp\/v2\/users\/1"}],"replies":[{"embeddable":true,"href":"http:\/\/blog.maquetea.com\/index.php?rest_route=%2Fwp%2Fv2%2Fcomments&post=12015"}],"version-history":[{"count":3,"href":"http:\/\/blog.maquetea.com\/index.php?rest_route=\/wp\/v2\/posts\/12015\/revisions"}],"predecessor-version":[{"id":12018,"href":"http:\/\/blog.maquetea.com\/index.php?rest_route=\/wp\/v2\/posts\/12015\/revisions\/12018"}],"wp:attachment":[{"href":"http:\/\/blog.maquetea.com\/index.php?rest_route=%2Fwp%2Fv2%2Fmedia&parent=12015"}],"wp:term":[{"taxonomy":"category","embeddable":true,"href":"http:\/\/blog.maquetea.com\/index.php?rest_route=%2Fwp%2Fv2%2Fcategories&post=12015"},{"taxonomy":"post_tag","embeddable":true,"href":"http:\/\/blog.maquetea.com\/index.php?rest_route=%2Fwp%2Fv2%2Ftags&post=12015"}],"curies":[{"name":"wp","href":"https:\/\/api.w.org\/{rel}","templated":true}]}}