{"id":11436,"date":"2025-01-13T13:06:44","date_gmt":"2025-01-13T12:06:44","guid":{"rendered":"http:\/\/blog.maquetea.com\/?p=11436"},"modified":"2025-01-13T13:06:44","modified_gmt":"2025-01-13T12:06:44","slug":"mercedes-amg-gt3-mann-tamiya-1-24-3","status":"publish","type":"post","link":"http:\/\/blog.maquetea.com\/?p=11436","title":{"rendered":"Mercedes AMG GT3 Mann \u2013 Tamiya 1\/24 (#3)"},"content":{"rendered":"\n<p>Aqu\u00ed estoy de nuevo, y ahora vamos con otras piezas distintas a la carrocer\u00eda. Empezamos por el chasis al que le damos una capa de imprimaci\u00f3n gris Tamiya en spray, seguido de negro semimate de Ammo MIG Cobra motor. Una vez seco, le pongo las calcas de fibra para terminar con un barniz semimate tambi\u00e9n de Ammo MIG:<\/p>\n\n\n\n<p class=\"has-blue-color has-text-color has-link-color wp-elements-27e8864b9d25341f05fb071dd9daf3e3\">Here I am again, and now we are going with other parts other than the body. We start with the chassis, which we apply a coat of Tamiya grey primer spray, followed by Ammo MIG Cobra motor semi-matt black. Once dry, I apply the fibre decals to finish with a semi-matt varnish also from Ammo MIG:<\/p>\n\n\n\n<figure class=\"wp-block-gallery has-nested-images columns-2 is-cropped wp-block-gallery-1 is-layout-flex wp-block-gallery-is-layout-flex\">\n<figure class=\"wp-block-image size-large\"><a href=\"http:\/\/blog.maquetea.com\/wp-content\/uploads\/2025\/01\/AMG-Mann-030.jpg\"><img loading=\"lazy\" decoding=\"async\" width=\"850\" height=\"478\" data-id=\"11399\" src=\"http:\/\/blog.maquetea.com\/wp-content\/uploads\/2025\/01\/AMG-Mann-030.jpg\" alt=\"\" class=\"wp-image-11399\" srcset=\"http:\/\/blog.maquetea.com\/wp-content\/uploads\/2025\/01\/AMG-Mann-030.jpg 850w, http:\/\/blog.maquetea.com\/wp-content\/uploads\/2025\/01\/AMG-Mann-030-300x169.jpg 300w, http:\/\/blog.maquetea.com\/wp-content\/uploads\/2025\/01\/AMG-Mann-030-768x432.jpg 768w\" sizes=\"(max-width: 850px) 100vw, 850px\" \/><\/a><\/figure>\n\n\n\n<figure class=\"wp-block-image size-large\"><a href=\"http:\/\/blog.maquetea.com\/wp-content\/uploads\/2025\/01\/AMG-Mann-036.jpg\"><img loading=\"lazy\" decoding=\"async\" width=\"850\" height=\"478\" data-id=\"11405\" src=\"http:\/\/blog.maquetea.com\/wp-content\/uploads\/2025\/01\/AMG-Mann-036.jpg\" alt=\"\" class=\"wp-image-11405\" srcset=\"http:\/\/blog.maquetea.com\/wp-content\/uploads\/2025\/01\/AMG-Mann-036.jpg 850w, http:\/\/blog.maquetea.com\/wp-content\/uploads\/2025\/01\/AMG-Mann-036-300x169.jpg 300w, http:\/\/blog.maquetea.com\/wp-content\/uploads\/2025\/01\/AMG-Mann-036-768x432.jpg 768w\" sizes=\"(max-width: 850px) 100vw, 850px\" \/><\/a><\/figure>\n\n\n\n<figure class=\"wp-block-image size-large\"><a href=\"http:\/\/blog.maquetea.com\/wp-content\/uploads\/2025\/01\/AMG-Mann-0338.jpg\"><img loading=\"lazy\" decoding=\"async\" width=\"850\" height=\"478\" data-id=\"11426\" src=\"http:\/\/blog.maquetea.com\/wp-content\/uploads\/2025\/01\/AMG-Mann-0338.jpg\" alt=\"\" class=\"wp-image-11426\" srcset=\"http:\/\/blog.maquetea.com\/wp-content\/uploads\/2025\/01\/AMG-Mann-0338.jpg 850w, http:\/\/blog.maquetea.com\/wp-content\/uploads\/2025\/01\/AMG-Mann-0338-300x169.jpg 300w, http:\/\/blog.maquetea.com\/wp-content\/uploads\/2025\/01\/AMG-Mann-0338-768x432.jpg 768w\" sizes=\"(max-width: 850px) 100vw, 850px\" \/><\/a><\/figure>\n\n\n\n<figure class=\"wp-block-image size-large\"><a href=\"http:\/\/blog.maquetea.com\/wp-content\/uploads\/2025\/01\/AMG-Mann-0335.jpg\"><img loading=\"lazy\" decoding=\"async\" width=\"850\" height=\"478\" data-id=\"11425\" src=\"http:\/\/blog.maquetea.com\/wp-content\/uploads\/2025\/01\/AMG-Mann-0335.jpg\" alt=\"\" class=\"wp-image-11425\" srcset=\"http:\/\/blog.maquetea.com\/wp-content\/uploads\/2025\/01\/AMG-Mann-0335.jpg 850w, http:\/\/blog.maquetea.com\/wp-content\/uploads\/2025\/01\/AMG-Mann-0335-300x169.jpg 300w, http:\/\/blog.maquetea.com\/wp-content\/uploads\/2025\/01\/AMG-Mann-0335-768x432.jpg 768w\" sizes=\"(max-width: 850px) 100vw, 850px\" \/><\/a><\/figure>\n\n\n\n<figure class=\"wp-block-image size-large\"><a href=\"http:\/\/blog.maquetea.com\/wp-content\/uploads\/2025\/01\/AMG-Mann-0347.jpg\"><img loading=\"lazy\" decoding=\"async\" width=\"850\" height=\"478\" data-id=\"11431\" src=\"http:\/\/blog.maquetea.com\/wp-content\/uploads\/2025\/01\/AMG-Mann-0347.jpg\" alt=\"\" class=\"wp-image-11431\" srcset=\"http:\/\/blog.maquetea.com\/wp-content\/uploads\/2025\/01\/AMG-Mann-0347.jpg 850w, http:\/\/blog.maquetea.com\/wp-content\/uploads\/2025\/01\/AMG-Mann-0347-300x169.jpg 300w, http:\/\/blog.maquetea.com\/wp-content\/uploads\/2025\/01\/AMG-Mann-0347-768x432.jpg 768w\" sizes=\"(max-width: 850px) 100vw, 850px\" \/><\/a><\/figure>\n<\/figure>\n\n\n\n<p>Continuamos con el interior y el radiador. Primero cortamos un redondo para obtener las cuatro esquinas que rodean al ventilador, las cuales recortamos con un cutter, y enmascaramos tanto las otras rejillas del radiador, como todo lo que se mantiene en plateado del cockpit. Lo pintamos del mismo negro semimate de Ammo, y quitamos la m\u00e1scara: <\/p>\n\n\n\n<p class=\"has-blue-color has-text-color has-link-color wp-elements-d973185fe24e6561388002f1b65820c4\">We continue with the interior and the radiator. First we cut a round to obtain the four corners surrounding the fan, which we cut out with a cutter, and we mask both the other radiator grilles, as well as everything that remains silver in the cockpit. We paint it the same semi-matte black as Ammo, and remove the mask:<\/p>\n\n\n\n<figure class=\"wp-block-gallery has-nested-images columns-default is-cropped wp-block-gallery-2 is-layout-flex wp-block-gallery-is-layout-flex\">\n<figure class=\"wp-block-image size-large\"><a href=\"http:\/\/blog.maquetea.com\/wp-content\/uploads\/2025\/01\/AMG-Mann-033.jpg\"><img loading=\"lazy\" decoding=\"async\" width=\"850\" height=\"478\" data-id=\"11402\" src=\"http:\/\/blog.maquetea.com\/wp-content\/uploads\/2025\/01\/AMG-Mann-033.jpg\" alt=\"\" class=\"wp-image-11402\" srcset=\"http:\/\/blog.maquetea.com\/wp-content\/uploads\/2025\/01\/AMG-Mann-033.jpg 850w, http:\/\/blog.maquetea.com\/wp-content\/uploads\/2025\/01\/AMG-Mann-033-300x169.jpg 300w, http:\/\/blog.maquetea.com\/wp-content\/uploads\/2025\/01\/AMG-Mann-033-768x432.jpg 768w\" sizes=\"(max-width: 850px) 100vw, 850px\" \/><\/a><\/figure>\n\n\n\n<figure class=\"wp-block-image size-large\"><a href=\"http:\/\/blog.maquetea.com\/wp-content\/uploads\/2025\/01\/AMG-Mann-034.jpg\"><img loading=\"lazy\" decoding=\"async\" width=\"850\" height=\"478\" data-id=\"11403\" src=\"http:\/\/blog.maquetea.com\/wp-content\/uploads\/2025\/01\/AMG-Mann-034.jpg\" alt=\"\" class=\"wp-image-11403\" srcset=\"http:\/\/blog.maquetea.com\/wp-content\/uploads\/2025\/01\/AMG-Mann-034.jpg 850w, http:\/\/blog.maquetea.com\/wp-content\/uploads\/2025\/01\/AMG-Mann-034-300x169.jpg 300w, http:\/\/blog.maquetea.com\/wp-content\/uploads\/2025\/01\/AMG-Mann-034-768x432.jpg 768w\" sizes=\"(max-width: 850px) 100vw, 850px\" \/><\/a><\/figure>\n\n\n\n<figure class=\"wp-block-image size-large\"><a href=\"http:\/\/blog.maquetea.com\/wp-content\/uploads\/2025\/01\/AMG-Mann-035.jpg\"><img loading=\"lazy\" decoding=\"async\" width=\"850\" height=\"478\" data-id=\"11404\" src=\"http:\/\/blog.maquetea.com\/wp-content\/uploads\/2025\/01\/AMG-Mann-035.jpg\" alt=\"\" class=\"wp-image-11404\" srcset=\"http:\/\/blog.maquetea.com\/wp-content\/uploads\/2025\/01\/AMG-Mann-035.jpg 850w, http:\/\/blog.maquetea.com\/wp-content\/uploads\/2025\/01\/AMG-Mann-035-300x169.jpg 300w, http:\/\/blog.maquetea.com\/wp-content\/uploads\/2025\/01\/AMG-Mann-035-768x432.jpg 768w\" sizes=\"(max-width: 850px) 100vw, 850px\" \/><\/a><\/figure>\n\n\n\n<figure class=\"wp-block-image size-large\"><a href=\"http:\/\/blog.maquetea.com\/wp-content\/uploads\/2025\/01\/AMG-Mann-0311.jpg\"><img loading=\"lazy\" decoding=\"async\" width=\"850\" height=\"478\" data-id=\"11410\" src=\"http:\/\/blog.maquetea.com\/wp-content\/uploads\/2025\/01\/AMG-Mann-0311.jpg\" alt=\"\" class=\"wp-image-11410\" srcset=\"http:\/\/blog.maquetea.com\/wp-content\/uploads\/2025\/01\/AMG-Mann-0311.jpg 850w, http:\/\/blog.maquetea.com\/wp-content\/uploads\/2025\/01\/AMG-Mann-0311-300x169.jpg 300w, http:\/\/blog.maquetea.com\/wp-content\/uploads\/2025\/01\/AMG-Mann-0311-768x432.jpg 768w\" sizes=\"(max-width: 850px) 100vw, 850px\" \/><\/a><\/figure>\n<\/figure>\n\n\n\n<p>Y una vez seco, ponemos las calcas de fibra, que se pusieron con la ayuda de los productos micro, el secador y los bastoncillos&#8230;<\/p>\n\n\n\n<p class=\"has-blue-color has-text-color has-link-color wp-elements-2ad65c420efd48b89c4951dd5b543080\">And once dry, we put the fiber decals, which were put on with the help of the micro products, the hairdryer and the cotton swabs\u2026<\/p>\n\n\n\n<figure class=\"wp-block-gallery has-nested-images columns-default is-cropped wp-block-gallery-3 is-layout-flex wp-block-gallery-is-layout-flex\">\n<figure class=\"wp-block-image size-large\"><a href=\"http:\/\/blog.maquetea.com\/wp-content\/uploads\/2025\/01\/AMG-Mann-0329.jpg\"><img loading=\"lazy\" decoding=\"async\" width=\"850\" height=\"478\" data-id=\"11423\" src=\"http:\/\/blog.maquetea.com\/wp-content\/uploads\/2025\/01\/AMG-Mann-0329.jpg\" alt=\"\" class=\"wp-image-11423\" srcset=\"http:\/\/blog.maquetea.com\/wp-content\/uploads\/2025\/01\/AMG-Mann-0329.jpg 850w, http:\/\/blog.maquetea.com\/wp-content\/uploads\/2025\/01\/AMG-Mann-0329-300x169.jpg 300w, http:\/\/blog.maquetea.com\/wp-content\/uploads\/2025\/01\/AMG-Mann-0329-768x432.jpg 768w\" sizes=\"(max-width: 850px) 100vw, 850px\" \/><\/a><\/figure>\n\n\n\n<figure class=\"wp-block-image size-large\"><a href=\"http:\/\/blog.maquetea.com\/wp-content\/uploads\/2025\/01\/AMG-Mann-0339.jpg\"><img loading=\"lazy\" decoding=\"async\" width=\"850\" height=\"478\" data-id=\"11427\" src=\"http:\/\/blog.maquetea.com\/wp-content\/uploads\/2025\/01\/AMG-Mann-0339.jpg\" alt=\"\" class=\"wp-image-11427\" srcset=\"http:\/\/blog.maquetea.com\/wp-content\/uploads\/2025\/01\/AMG-Mann-0339.jpg 850w, http:\/\/blog.maquetea.com\/wp-content\/uploads\/2025\/01\/AMG-Mann-0339-300x169.jpg 300w, http:\/\/blog.maquetea.com\/wp-content\/uploads\/2025\/01\/AMG-Mann-0339-768x432.jpg 768w\" sizes=\"(max-width: 850px) 100vw, 850px\" \/><\/a><\/figure>\n\n\n\n<figure class=\"wp-block-image size-large\"><a href=\"http:\/\/blog.maquetea.com\/wp-content\/uploads\/2025\/01\/AMG-Mann-0340.jpg\"><img loading=\"lazy\" decoding=\"async\" width=\"850\" height=\"478\" data-id=\"11428\" src=\"http:\/\/blog.maquetea.com\/wp-content\/uploads\/2025\/01\/AMG-Mann-0340.jpg\" alt=\"\" class=\"wp-image-11428\" srcset=\"http:\/\/blog.maquetea.com\/wp-content\/uploads\/2025\/01\/AMG-Mann-0340.jpg 850w, http:\/\/blog.maquetea.com\/wp-content\/uploads\/2025\/01\/AMG-Mann-0340-300x169.jpg 300w, http:\/\/blog.maquetea.com\/wp-content\/uploads\/2025\/01\/AMG-Mann-0340-768x432.jpg 768w\" sizes=\"(max-width: 850px) 100vw, 850px\" \/><\/a><\/figure>\n\n\n\n<figure class=\"wp-block-image size-large\"><a href=\"http:\/\/blog.maquetea.com\/wp-content\/uploads\/2025\/01\/AMG-Mann-0341.jpg\"><img loading=\"lazy\" decoding=\"async\" width=\"850\" height=\"478\" data-id=\"11429\" src=\"http:\/\/blog.maquetea.com\/wp-content\/uploads\/2025\/01\/AMG-Mann-0341.jpg\" alt=\"\" class=\"wp-image-11429\" srcset=\"http:\/\/blog.maquetea.com\/wp-content\/uploads\/2025\/01\/AMG-Mann-0341.jpg 850w, http:\/\/blog.maquetea.com\/wp-content\/uploads\/2025\/01\/AMG-Mann-0341-300x169.jpg 300w, http:\/\/blog.maquetea.com\/wp-content\/uploads\/2025\/01\/AMG-Mann-0341-768x432.jpg 768w\" sizes=\"(max-width: 850px) 100vw, 850px\" \/><\/a><\/figure>\n<\/figure>\n\n\n\n<p>&#8230;.para terminar con barniz satinado de Ammo:<\/p>\n\n\n\n<p class=\"has-blue-color has-text-color has-link-color wp-elements-050b7c9750bc7cd9b45a95e8702e4c5d\">\u2026to finish with Ammo satin varnish:<\/p>\n\n\n\n<figure class=\"wp-block-gallery has-nested-images columns-2 is-cropped wp-block-gallery-4 is-layout-flex wp-block-gallery-is-layout-flex\">\n<figure class=\"wp-block-image size-large\"><a href=\"http:\/\/blog.maquetea.com\/wp-content\/uploads\/2025\/01\/AMG-Mann-0348.jpg\"><img loading=\"lazy\" decoding=\"async\" width=\"850\" height=\"478\" data-id=\"11432\" src=\"http:\/\/blog.maquetea.com\/wp-content\/uploads\/2025\/01\/AMG-Mann-0348.jpg\" alt=\"\" class=\"wp-image-11432\" srcset=\"http:\/\/blog.maquetea.com\/wp-content\/uploads\/2025\/01\/AMG-Mann-0348.jpg 850w, http:\/\/blog.maquetea.com\/wp-content\/uploads\/2025\/01\/AMG-Mann-0348-300x169.jpg 300w, http:\/\/blog.maquetea.com\/wp-content\/uploads\/2025\/01\/AMG-Mann-0348-768x432.jpg 768w\" sizes=\"(max-width: 850px) 100vw, 850px\" \/><\/a><\/figure>\n\n\n\n<figure class=\"wp-block-image size-large\"><a href=\"http:\/\/blog.maquetea.com\/wp-content\/uploads\/2025\/01\/AMG-Mann-0349.jpg\"><img loading=\"lazy\" decoding=\"async\" width=\"850\" height=\"478\" data-id=\"11433\" src=\"http:\/\/blog.maquetea.com\/wp-content\/uploads\/2025\/01\/AMG-Mann-0349.jpg\" alt=\"\" class=\"wp-image-11433\" srcset=\"http:\/\/blog.maquetea.com\/wp-content\/uploads\/2025\/01\/AMG-Mann-0349.jpg 850w, http:\/\/blog.maquetea.com\/wp-content\/uploads\/2025\/01\/AMG-Mann-0349-300x169.jpg 300w, http:\/\/blog.maquetea.com\/wp-content\/uploads\/2025\/01\/AMG-Mann-0349-768x432.jpg 768w\" sizes=\"(max-width: 850px) 100vw, 850px\" \/><\/a><\/figure>\n\n\n\n<figure class=\"wp-block-image size-large\"><a href=\"http:\/\/blog.maquetea.com\/wp-content\/uploads\/2025\/01\/AMG-Mann-0350.jpg\"><img loading=\"lazy\" decoding=\"async\" width=\"850\" height=\"478\" data-id=\"11434\" src=\"http:\/\/blog.maquetea.com\/wp-content\/uploads\/2025\/01\/AMG-Mann-0350.jpg\" alt=\"\" class=\"wp-image-11434\" srcset=\"http:\/\/blog.maquetea.com\/wp-content\/uploads\/2025\/01\/AMG-Mann-0350.jpg 850w, http:\/\/blog.maquetea.com\/wp-content\/uploads\/2025\/01\/AMG-Mann-0350-300x169.jpg 300w, http:\/\/blog.maquetea.com\/wp-content\/uploads\/2025\/01\/AMG-Mann-0350-768x432.jpg 768w\" sizes=\"(max-width: 850px) 100vw, 850px\" \/><\/a><\/figure>\n<\/figure>\n\n\n\n<p>Nos movemos hacia los componentes del chasis, empezando por los triangulos de suspensi\u00f3n delantera, que sobre el negro semimate, enmascaramos para aplicar Aluminio, pasando posteriormente un Panel Liner negro de Tamiya: <\/p>\n\n\n\n<p class=\"has-blue-color has-text-color has-link-color wp-elements-3153c6257bcd6f4f36f71dc1b1454289\">We move on to the chassis components, starting with the front suspension triangles, which we mask over the semi-matte black to apply Aluminum, then passing a black Tamiya Panel Liner:<\/p>\n\n\n\n<figure class=\"wp-block-gallery has-nested-images columns-2 is-cropped wp-block-gallery-5 is-layout-flex wp-block-gallery-is-layout-flex\">\n<figure class=\"wp-block-image size-large\"><a href=\"http:\/\/blog.maquetea.com\/wp-content\/uploads\/2025\/01\/AMG-Mann-0313.jpg\"><img loading=\"lazy\" decoding=\"async\" width=\"850\" height=\"478\" data-id=\"11412\" src=\"http:\/\/blog.maquetea.com\/wp-content\/uploads\/2025\/01\/AMG-Mann-0313.jpg\" alt=\"\" class=\"wp-image-11412\" srcset=\"http:\/\/blog.maquetea.com\/wp-content\/uploads\/2025\/01\/AMG-Mann-0313.jpg 850w, http:\/\/blog.maquetea.com\/wp-content\/uploads\/2025\/01\/AMG-Mann-0313-300x169.jpg 300w, http:\/\/blog.maquetea.com\/wp-content\/uploads\/2025\/01\/AMG-Mann-0313-768x432.jpg 768w\" sizes=\"(max-width: 850px) 100vw, 850px\" \/><\/a><\/figure>\n\n\n\n<figure class=\"wp-block-image size-large\"><a href=\"http:\/\/blog.maquetea.com\/wp-content\/uploads\/2025\/01\/AMG-Mann-0317.jpg\"><img loading=\"lazy\" decoding=\"async\" width=\"850\" height=\"478\" data-id=\"11415\" src=\"http:\/\/blog.maquetea.com\/wp-content\/uploads\/2025\/01\/AMG-Mann-0317.jpg\" alt=\"\" class=\"wp-image-11415\" srcset=\"http:\/\/blog.maquetea.com\/wp-content\/uploads\/2025\/01\/AMG-Mann-0317.jpg 850w, http:\/\/blog.maquetea.com\/wp-content\/uploads\/2025\/01\/AMG-Mann-0317-300x169.jpg 300w, http:\/\/blog.maquetea.com\/wp-content\/uploads\/2025\/01\/AMG-Mann-0317-768x432.jpg 768w\" sizes=\"(max-width: 850px) 100vw, 850px\" \/><\/a><\/figure>\n\n\n\n<figure class=\"wp-block-image size-large\"><a href=\"http:\/\/blog.maquetea.com\/wp-content\/uploads\/2025\/01\/AMG-Mann-0318.jpg\"><img loading=\"lazy\" decoding=\"async\" width=\"850\" height=\"478\" data-id=\"11416\" src=\"http:\/\/blog.maquetea.com\/wp-content\/uploads\/2025\/01\/AMG-Mann-0318.jpg\" alt=\"\" class=\"wp-image-11416\" srcset=\"http:\/\/blog.maquetea.com\/wp-content\/uploads\/2025\/01\/AMG-Mann-0318.jpg 850w, http:\/\/blog.maquetea.com\/wp-content\/uploads\/2025\/01\/AMG-Mann-0318-300x169.jpg 300w, http:\/\/blog.maquetea.com\/wp-content\/uploads\/2025\/01\/AMG-Mann-0318-768x432.jpg 768w\" sizes=\"(max-width: 850px) 100vw, 850px\" \/><\/a><\/figure>\n<\/figure>\n\n\n\n<p>Y junto a estos, est\u00e1n los amortiguadores, que los pintamos con azul met\u00e1lico de Tamiya X-13. Los muelles los pintamos esta vez con el rotulador permanente, aunque tengo que decir, que me gusta m\u00e1s cuando enmascaro y pinto con negro. Siguiente paso es enmascarar los muelles y pintar con Titanium Silver de Zero, para acabar con un lavado de panel liner negro: <\/p>\n\n\n\n<p class=\"has-blue-color has-text-color has-link-color wp-elements-06dc2613cc5acddc9be07334ded13480\">And next to these, there are the shock absorbers, which we painted with Tamiya X-13 metallic blue. The springs were painted this time with the permanent marker, although I have to say that I like it better when I mask and paint with black. The next step is to mask the springs and paint with Titanium Silver from Zero, to finish with a wash of black panel liner:<\/p>\n\n\n\n<figure class=\"wp-block-gallery has-nested-images columns-default is-cropped wp-block-gallery-6 is-layout-flex wp-block-gallery-is-layout-flex\">\n<figure class=\"wp-block-image size-large\"><a href=\"http:\/\/blog.maquetea.com\/wp-content\/uploads\/2025\/01\/AMG-Mann-038.jpg\"><img loading=\"lazy\" decoding=\"async\" width=\"850\" height=\"478\" data-id=\"11407\" src=\"http:\/\/blog.maquetea.com\/wp-content\/uploads\/2025\/01\/AMG-Mann-038.jpg\" alt=\"\" class=\"wp-image-11407\" srcset=\"http:\/\/blog.maquetea.com\/wp-content\/uploads\/2025\/01\/AMG-Mann-038.jpg 850w, http:\/\/blog.maquetea.com\/wp-content\/uploads\/2025\/01\/AMG-Mann-038-300x169.jpg 300w, http:\/\/blog.maquetea.com\/wp-content\/uploads\/2025\/01\/AMG-Mann-038-768x432.jpg 768w\" sizes=\"(max-width: 850px) 100vw, 850px\" \/><\/a><\/figure>\n\n\n\n<figure class=\"wp-block-image size-large\"><a href=\"http:\/\/blog.maquetea.com\/wp-content\/uploads\/2025\/01\/AMG-Mann-0312.jpg\"><img loading=\"lazy\" decoding=\"async\" width=\"850\" height=\"478\" data-id=\"11411\" src=\"http:\/\/blog.maquetea.com\/wp-content\/uploads\/2025\/01\/AMG-Mann-0312.jpg\" alt=\"\" class=\"wp-image-11411\" srcset=\"http:\/\/blog.maquetea.com\/wp-content\/uploads\/2025\/01\/AMG-Mann-0312.jpg 850w, http:\/\/blog.maquetea.com\/wp-content\/uploads\/2025\/01\/AMG-Mann-0312-300x169.jpg 300w, http:\/\/blog.maquetea.com\/wp-content\/uploads\/2025\/01\/AMG-Mann-0312-768x432.jpg 768w\" sizes=\"(max-width: 850px) 100vw, 850px\" \/><\/a><\/figure>\n\n\n\n<figure class=\"wp-block-image size-large\"><a href=\"http:\/\/blog.maquetea.com\/wp-content\/uploads\/2025\/01\/AMG-Mann-0316.jpg\"><img loading=\"lazy\" decoding=\"async\" width=\"850\" height=\"478\" data-id=\"11414\" src=\"http:\/\/blog.maquetea.com\/wp-content\/uploads\/2025\/01\/AMG-Mann-0316.jpg\" alt=\"\" class=\"wp-image-11414\" srcset=\"http:\/\/blog.maquetea.com\/wp-content\/uploads\/2025\/01\/AMG-Mann-0316.jpg 850w, http:\/\/blog.maquetea.com\/wp-content\/uploads\/2025\/01\/AMG-Mann-0316-300x169.jpg 300w, http:\/\/blog.maquetea.com\/wp-content\/uploads\/2025\/01\/AMG-Mann-0316-768x432.jpg 768w\" sizes=\"(max-width: 850px) 100vw, 850px\" \/><\/a><\/figure>\n\n\n\n<figure class=\"wp-block-image size-large\"><a href=\"http:\/\/blog.maquetea.com\/wp-content\/uploads\/2025\/01\/AMG-Mann-0320.jpg\"><img loading=\"lazy\" decoding=\"async\" width=\"850\" height=\"478\" data-id=\"11417\" src=\"http:\/\/blog.maquetea.com\/wp-content\/uploads\/2025\/01\/AMG-Mann-0320.jpg\" alt=\"\" class=\"wp-image-11417\" srcset=\"http:\/\/blog.maquetea.com\/wp-content\/uploads\/2025\/01\/AMG-Mann-0320.jpg 850w, http:\/\/blog.maquetea.com\/wp-content\/uploads\/2025\/01\/AMG-Mann-0320-300x169.jpg 300w, http:\/\/blog.maquetea.com\/wp-content\/uploads\/2025\/01\/AMG-Mann-0320-768x432.jpg 768w\" sizes=\"(max-width: 850px) 100vw, 850px\" \/><\/a><\/figure>\n<\/figure>\n\n\n\n<p>Y ahora los discos de freno. Titanium Gold de Zero para toda la pieza, para despu\u00e9s enmascarar en centro y las pinzas, y pintar con Aluminio. Por ultimo, el Panel Liner negro de Tamiya<\/p>\n\n\n\n<p class=\"has-blue-color has-text-color has-link-color wp-elements-9a76729e8ce73dedf13703f155242e1f\">And now the brake discs. Titanium Gold from Zero for the whole piece, then masking the center and the calipers, and painting with Aluminum. Finally, the black Panel Liner from Tamiya.<\/p>\n\n\n\n<figure class=\"wp-block-gallery has-nested-images columns-2 is-cropped wp-block-gallery-7 is-layout-flex wp-block-gallery-is-layout-flex\">\n<figure class=\"wp-block-image size-large\"><a href=\"http:\/\/blog.maquetea.com\/wp-content\/uploads\/2025\/01\/AMG-Mann-037.jpg\"><img loading=\"lazy\" decoding=\"async\" width=\"850\" height=\"478\" data-id=\"11406\" src=\"http:\/\/blog.maquetea.com\/wp-content\/uploads\/2025\/01\/AMG-Mann-037.jpg\" alt=\"\" class=\"wp-image-11406\" srcset=\"http:\/\/blog.maquetea.com\/wp-content\/uploads\/2025\/01\/AMG-Mann-037.jpg 850w, http:\/\/blog.maquetea.com\/wp-content\/uploads\/2025\/01\/AMG-Mann-037-300x169.jpg 300w, http:\/\/blog.maquetea.com\/wp-content\/uploads\/2025\/01\/AMG-Mann-037-768x432.jpg 768w\" sizes=\"(max-width: 850px) 100vw, 850px\" \/><\/a><\/figure>\n\n\n\n<figure class=\"wp-block-image size-large\"><a href=\"http:\/\/blog.maquetea.com\/wp-content\/uploads\/2025\/01\/AMG-Mann-0315.jpg\"><img loading=\"lazy\" decoding=\"async\" width=\"850\" height=\"478\" data-id=\"11413\" src=\"http:\/\/blog.maquetea.com\/wp-content\/uploads\/2025\/01\/AMG-Mann-0315.jpg\" alt=\"\" class=\"wp-image-11413\" srcset=\"http:\/\/blog.maquetea.com\/wp-content\/uploads\/2025\/01\/AMG-Mann-0315.jpg 850w, http:\/\/blog.maquetea.com\/wp-content\/uploads\/2025\/01\/AMG-Mann-0315-300x169.jpg 300w, http:\/\/blog.maquetea.com\/wp-content\/uploads\/2025\/01\/AMG-Mann-0315-768x432.jpg 768w\" sizes=\"(max-width: 850px) 100vw, 850px\" \/><\/a><\/figure>\n\n\n\n<figure class=\"wp-block-image size-large\"><a href=\"http:\/\/blog.maquetea.com\/wp-content\/uploads\/2025\/01\/AMG-Mann-0321.jpg\"><img loading=\"lazy\" decoding=\"async\" width=\"850\" height=\"478\" data-id=\"11418\" src=\"http:\/\/blog.maquetea.com\/wp-content\/uploads\/2025\/01\/AMG-Mann-0321.jpg\" alt=\"\" class=\"wp-image-11418\" srcset=\"http:\/\/blog.maquetea.com\/wp-content\/uploads\/2025\/01\/AMG-Mann-0321.jpg 850w, http:\/\/blog.maquetea.com\/wp-content\/uploads\/2025\/01\/AMG-Mann-0321-300x169.jpg 300w, http:\/\/blog.maquetea.com\/wp-content\/uploads\/2025\/01\/AMG-Mann-0321-768x432.jpg 768w\" sizes=\"(max-width: 850px) 100vw, 850px\" \/><\/a><\/figure>\n<\/figure>\n\n\n\n<p>Y de los discos, a las ruedas. Las llantas se han pintado con el negro semimate de Ammo, sobre el que aplicamos las calcas que indican donde va v\u00e1lvula de inflado, que previamente habremos taladrado. Para que estas calcas se ajusten bien, el uso de los productos micro y el secador son fundamentales. Posterioemente, puse las calcas de los neum\u00e1ticos de la hoja de Filter Mann, y las de Declacas, con las flechas y situaci\u00f3n de las ruedas en el coche. Para termianr, una mano de barniz semimate de Ammo. <\/p>\n\n\n\n<p class=\"has-blue-color has-text-color has-link-color wp-elements-eb90e1189b3f22ccf6f43795633a47f0\">And from the discs to the wheels. The rims have been painted with Ammo semi-matt black, on which we applied the decals that indicate where the inflation valve goes, which we have previously drilled. In order for these decals to fit well, the use of micro products and the hairdryer are essential. Afterwards, I put the tire decals from the Filter Mann sheet, and those from Declacas, with the arrows and the position of the wheels on the car. To finish, a coat of Ammo semi-matt varnish.<\/p>\n\n\n\n<figure class=\"wp-block-gallery has-nested-images columns-2 is-cropped wp-block-gallery-8 is-layout-flex wp-block-gallery-is-layout-flex\">\n<figure class=\"wp-block-image size-large\"><a href=\"http:\/\/blog.maquetea.com\/wp-content\/uploads\/2025\/01\/AMG-Mann-032.jpg\"><img loading=\"lazy\" decoding=\"async\" width=\"850\" height=\"478\" data-id=\"11401\" src=\"http:\/\/blog.maquetea.com\/wp-content\/uploads\/2025\/01\/AMG-Mann-032.jpg\" alt=\"\" class=\"wp-image-11401\" srcset=\"http:\/\/blog.maquetea.com\/wp-content\/uploads\/2025\/01\/AMG-Mann-032.jpg 850w, http:\/\/blog.maquetea.com\/wp-content\/uploads\/2025\/01\/AMG-Mann-032-300x169.jpg 300w, http:\/\/blog.maquetea.com\/wp-content\/uploads\/2025\/01\/AMG-Mann-032-768x432.jpg 768w\" sizes=\"(max-width: 850px) 100vw, 850px\" \/><\/a><\/figure>\n\n\n\n<figure class=\"wp-block-image size-large\"><a href=\"http:\/\/blog.maquetea.com\/wp-content\/uploads\/2025\/01\/AMG-Mann-0310.jpg\"><img loading=\"lazy\" decoding=\"async\" width=\"850\" height=\"478\" data-id=\"11409\" src=\"http:\/\/blog.maquetea.com\/wp-content\/uploads\/2025\/01\/AMG-Mann-0310.jpg\" alt=\"\" class=\"wp-image-11409\" srcset=\"http:\/\/blog.maquetea.com\/wp-content\/uploads\/2025\/01\/AMG-Mann-0310.jpg 850w, http:\/\/blog.maquetea.com\/wp-content\/uploads\/2025\/01\/AMG-Mann-0310-300x169.jpg 300w, http:\/\/blog.maquetea.com\/wp-content\/uploads\/2025\/01\/AMG-Mann-0310-768x432.jpg 768w\" sizes=\"(max-width: 850px) 100vw, 850px\" \/><\/a><\/figure>\n\n\n\n<figure class=\"wp-block-image size-large\"><a href=\"http:\/\/blog.maquetea.com\/wp-content\/uploads\/2025\/01\/AMG-Mann-0334.jpg\"><img loading=\"lazy\" decoding=\"async\" width=\"850\" height=\"478\" data-id=\"11424\" src=\"http:\/\/blog.maquetea.com\/wp-content\/uploads\/2025\/01\/AMG-Mann-0334.jpg\" alt=\"\" class=\"wp-image-11424\" srcset=\"http:\/\/blog.maquetea.com\/wp-content\/uploads\/2025\/01\/AMG-Mann-0334.jpg 850w, http:\/\/blog.maquetea.com\/wp-content\/uploads\/2025\/01\/AMG-Mann-0334-300x169.jpg 300w, http:\/\/blog.maquetea.com\/wp-content\/uploads\/2025\/01\/AMG-Mann-0334-768x432.jpg 768w\" sizes=\"(max-width: 850px) 100vw, 850px\" \/><\/a><\/figure>\n\n\n\n<figure class=\"wp-block-image size-large\"><a href=\"http:\/\/blog.maquetea.com\/wp-content\/uploads\/2025\/01\/AMG-Mann-0346.jpg\"><img loading=\"lazy\" decoding=\"async\" width=\"850\" height=\"478\" data-id=\"11430\" src=\"http:\/\/blog.maquetea.com\/wp-content\/uploads\/2025\/01\/AMG-Mann-0346.jpg\" alt=\"\" class=\"wp-image-11430\" srcset=\"http:\/\/blog.maquetea.com\/wp-content\/uploads\/2025\/01\/AMG-Mann-0346.jpg 850w, http:\/\/blog.maquetea.com\/wp-content\/uploads\/2025\/01\/AMG-Mann-0346-300x169.jpg 300w, http:\/\/blog.maquetea.com\/wp-content\/uploads\/2025\/01\/AMG-Mann-0346-768x432.jpg 768w\" sizes=\"(max-width: 850px) 100vw, 850px\" \/><\/a><\/figure>\n\n\n\n<figure class=\"wp-block-image size-large\"><a href=\"http:\/\/blog.maquetea.com\/wp-content\/uploads\/2025\/01\/AMG-Mann-0351.jpg\"><img loading=\"lazy\" decoding=\"async\" width=\"850\" height=\"478\" data-id=\"11435\" src=\"http:\/\/blog.maquetea.com\/wp-content\/uploads\/2025\/01\/AMG-Mann-0351.jpg\" alt=\"\" class=\"wp-image-11435\" srcset=\"http:\/\/blog.maquetea.com\/wp-content\/uploads\/2025\/01\/AMG-Mann-0351.jpg 850w, http:\/\/blog.maquetea.com\/wp-content\/uploads\/2025\/01\/AMG-Mann-0351-300x169.jpg 300w, http:\/\/blog.maquetea.com\/wp-content\/uploads\/2025\/01\/AMG-Mann-0351-768x432.jpg 768w\" sizes=\"(max-width: 850px) 100vw, 850px\" \/><\/a><\/figure>\n<\/figure>\n\n\n\n<p>En cuanto a los escapes, le pego recortes de papel de cajetilla de tabaco, y le paso un Panel Liner marr\u00f3n y despu\u00e9s uno negro. Falta el ensombrecer un poco la salida del tubo de escape.  <\/p>\n\n\n\n<p class=\"has-blue-color has-text-color has-link-color wp-elements-2c9cb4578068750f64808f809603c70a\">As for the exhausts, I glued some cigarette paper scraps on them, and then I applied a brown Panel Liner and then a black one. I just need to shade the exhaust pipe outlet a bit.<\/p>\n\n\n\n<figure class=\"wp-block-gallery has-nested-images columns-2 is-cropped wp-block-gallery-9 is-layout-flex wp-block-gallery-is-layout-flex\">\n<figure class=\"wp-block-image size-large\"><a href=\"http:\/\/blog.maquetea.com\/wp-content\/uploads\/2025\/01\/AMG-Mann-0324.jpg\"><img loading=\"lazy\" decoding=\"async\" width=\"850\" height=\"478\" data-id=\"11419\" src=\"http:\/\/blog.maquetea.com\/wp-content\/uploads\/2025\/01\/AMG-Mann-0324.jpg\" alt=\"\" class=\"wp-image-11419\" srcset=\"http:\/\/blog.maquetea.com\/wp-content\/uploads\/2025\/01\/AMG-Mann-0324.jpg 850w, http:\/\/blog.maquetea.com\/wp-content\/uploads\/2025\/01\/AMG-Mann-0324-300x169.jpg 300w, http:\/\/blog.maquetea.com\/wp-content\/uploads\/2025\/01\/AMG-Mann-0324-768x432.jpg 768w\" sizes=\"(max-width: 850px) 100vw, 850px\" \/><\/a><\/figure>\n\n\n\n<figure class=\"wp-block-image size-large\"><a href=\"http:\/\/blog.maquetea.com\/wp-content\/uploads\/2025\/01\/AMG-Mann-0325.jpg\"><img loading=\"lazy\" decoding=\"async\" width=\"850\" height=\"478\" data-id=\"11420\" src=\"http:\/\/blog.maquetea.com\/wp-content\/uploads\/2025\/01\/AMG-Mann-0325.jpg\" alt=\"\" class=\"wp-image-11420\" srcset=\"http:\/\/blog.maquetea.com\/wp-content\/uploads\/2025\/01\/AMG-Mann-0325.jpg 850w, http:\/\/blog.maquetea.com\/wp-content\/uploads\/2025\/01\/AMG-Mann-0325-300x169.jpg 300w, http:\/\/blog.maquetea.com\/wp-content\/uploads\/2025\/01\/AMG-Mann-0325-768x432.jpg 768w\" sizes=\"(max-width: 850px) 100vw, 850px\" \/><\/a><\/figure>\n\n\n\n<figure class=\"wp-block-image size-large\"><a href=\"http:\/\/blog.maquetea.com\/wp-content\/uploads\/2025\/01\/AMG-Mann-0326.jpg\"><img loading=\"lazy\" decoding=\"async\" width=\"850\" height=\"478\" data-id=\"11421\" src=\"http:\/\/blog.maquetea.com\/wp-content\/uploads\/2025\/01\/AMG-Mann-0326.jpg\" alt=\"\" class=\"wp-image-11421\" srcset=\"http:\/\/blog.maquetea.com\/wp-content\/uploads\/2025\/01\/AMG-Mann-0326.jpg 850w, http:\/\/blog.maquetea.com\/wp-content\/uploads\/2025\/01\/AMG-Mann-0326-300x169.jpg 300w, http:\/\/blog.maquetea.com\/wp-content\/uploads\/2025\/01\/AMG-Mann-0326-768x432.jpg 768w\" sizes=\"(max-width: 850px) 100vw, 850px\" \/><\/a><\/figure>\n<\/figure>\n\n\n\n<p>Y para terminar, un vistazo al asiento imprimado y lijado, el aler\u00f3n trasero con sus calcas de fibra previo a la calca de &#8220;Landgraph&#8221; y los paneles de las puertas. Dec ir que los laterales del aler\u00f3n, van pintados en azul sobre el que ir\u00e1 una calca, con acabado en brillo.<\/p>\n\n\n\n<p class=\"has-blue-color has-text-color has-link-color wp-elements-04d344348f330e6e1706e014e70650f6\">And finally, a look at the primed and sanded seat, the rear wing with its fibreglass decals before the &#8220;Landgraph&#8221; decal and the door panels. The sides of the wing are painted blue and will be covered by a gloss finish decal.<\/p>\n\n\n\n<figure class=\"wp-block-gallery has-nested-images columns-default is-cropped wp-block-gallery-10 is-layout-flex wp-block-gallery-is-layout-flex\">\n<figure class=\"wp-block-image size-large\"><a href=\"http:\/\/blog.maquetea.com\/wp-content\/uploads\/2025\/01\/AMG-Mann-031.jpg\"><img loading=\"lazy\" decoding=\"async\" width=\"850\" height=\"478\" data-id=\"11400\" src=\"http:\/\/blog.maquetea.com\/wp-content\/uploads\/2025\/01\/AMG-Mann-031.jpg\" alt=\"\" class=\"wp-image-11400\" srcset=\"http:\/\/blog.maquetea.com\/wp-content\/uploads\/2025\/01\/AMG-Mann-031.jpg 850w, http:\/\/blog.maquetea.com\/wp-content\/uploads\/2025\/01\/AMG-Mann-031-300x169.jpg 300w, http:\/\/blog.maquetea.com\/wp-content\/uploads\/2025\/01\/AMG-Mann-031-768x432.jpg 768w\" sizes=\"(max-width: 850px) 100vw, 850px\" \/><\/a><\/figure>\n\n\n\n<figure class=\"wp-block-image size-large\"><a href=\"http:\/\/blog.maquetea.com\/wp-content\/uploads\/2025\/01\/AMG-Mann-039.jpg\"><img loading=\"lazy\" decoding=\"async\" width=\"850\" height=\"478\" data-id=\"11408\" src=\"http:\/\/blog.maquetea.com\/wp-content\/uploads\/2025\/01\/AMG-Mann-039.jpg\" alt=\"\" class=\"wp-image-11408\" srcset=\"http:\/\/blog.maquetea.com\/wp-content\/uploads\/2025\/01\/AMG-Mann-039.jpg 850w, http:\/\/blog.maquetea.com\/wp-content\/uploads\/2025\/01\/AMG-Mann-039-300x169.jpg 300w, http:\/\/blog.maquetea.com\/wp-content\/uploads\/2025\/01\/AMG-Mann-039-768x432.jpg 768w\" sizes=\"(max-width: 850px) 100vw, 850px\" \/><\/a><\/figure>\n\n\n\n<figure class=\"wp-block-image size-large\"><a href=\"http:\/\/blog.maquetea.com\/wp-content\/uploads\/2025\/01\/AMG-Mann-0328.jpg\"><img loading=\"lazy\" decoding=\"async\" width=\"850\" height=\"478\" data-id=\"11422\" src=\"http:\/\/blog.maquetea.com\/wp-content\/uploads\/2025\/01\/AMG-Mann-0328.jpg\" alt=\"\" class=\"wp-image-11422\" srcset=\"http:\/\/blog.maquetea.com\/wp-content\/uploads\/2025\/01\/AMG-Mann-0328.jpg 850w, http:\/\/blog.maquetea.com\/wp-content\/uploads\/2025\/01\/AMG-Mann-0328-300x169.jpg 300w, http:\/\/blog.maquetea.com\/wp-content\/uploads\/2025\/01\/AMG-Mann-0328-768x432.jpg 768w\" sizes=\"(max-width: 850px) 100vw, 850px\" \/><\/a><\/figure>\n<\/figure>\n\n\n\n<p>Esto es todo por ahora. Gracias por ver y comentar!!<\/p>\n\n\n\n<p class=\"has-blue-color has-text-color has-link-color wp-elements-c8f80631b7d5642e031a61b96405a05e\">That&#8217;s all for now. Thanks for watching and commenting!!<\/p>\n","protected":false},"excerpt":{"rendered":"<p>Aqu\u00ed estoy de nuevo, y ahora vamos con otras piezas distintas a la carrocer\u00eda. Empezamos por el chasis al que le damos una capa de imprimaci\u00f3n gris Tamiya en spray, seguido de negro semimate de Ammo MIG Cobra motor. Una &hellip; <a href=\"http:\/\/blog.maquetea.com\/?p=11436\">Continue reading <span class=\"meta-nav\">&rarr;<\/span><\/a><\/p>\n","protected":false},"author":1,"featured_media":0,"comment_status":"open","ping_status":"open","sticky":false,"template":"","format":"standard","meta":{"footnotes":""},"categories":[356],"tags":[122,123,230],"_links":{"self":[{"href":"http:\/\/blog.maquetea.com\/index.php?rest_route=\/wp\/v2\/posts\/11436"}],"collection":[{"href":"http:\/\/blog.maquetea.com\/index.php?rest_route=\/wp\/v2\/posts"}],"about":[{"href":"http:\/\/blog.maquetea.com\/index.php?rest_route=\/wp\/v2\/types\/post"}],"author":[{"embeddable":true,"href":"http:\/\/blog.maquetea.com\/index.php?rest_route=\/wp\/v2\/users\/1"}],"replies":[{"embeddable":true,"href":"http:\/\/blog.maquetea.com\/index.php?rest_route=%2Fwp%2Fv2%2Fcomments&post=11436"}],"version-history":[{"count":4,"href":"http:\/\/blog.maquetea.com\/index.php?rest_route=\/wp\/v2\/posts\/11436\/revisions"}],"predecessor-version":[{"id":11440,"href":"http:\/\/blog.maquetea.com\/index.php?rest_route=\/wp\/v2\/posts\/11436\/revisions\/11440"}],"wp:attachment":[{"href":"http:\/\/blog.maquetea.com\/index.php?rest_route=%2Fwp%2Fv2%2Fmedia&parent=11436"}],"wp:term":[{"taxonomy":"category","embeddable":true,"href":"http:\/\/blog.maquetea.com\/index.php?rest_route=%2Fwp%2Fv2%2Fcategories&post=11436"},{"taxonomy":"post_tag","embeddable":true,"href":"http:\/\/blog.maquetea.com\/index.php?rest_route=%2Fwp%2Fv2%2Ftags&post=11436"}],"curies":[{"name":"wp","href":"https:\/\/api.w.org\/{rel}","templated":true}]}}