{"id":11385,"date":"2025-01-02T17:08:35","date_gmt":"2025-01-02T16:08:35","guid":{"rendered":"http:\/\/blog.maquetea.com\/?p=11385"},"modified":"2025-01-02T17:08:35","modified_gmt":"2025-01-02T16:08:35","slug":"mercedes-amg-gt3-mann-tamiya-1-24-2","status":"publish","type":"post","link":"http:\/\/blog.maquetea.com\/?p=11385","title":{"rendered":"Mercedes AMG GT3 Mann \u2013 Tamiya 1\/24 (#2)"},"content":{"rendered":"\n<p>Feliz a\u00f1o a todos!! Desde el ultimo post, ha habido muchos avances puesto que al ser el segundo modelo que hago, el proceso es m\u00e1s r\u00e1pido. Y han sido tantos, que lo voy a dividir en dos: este post solo para los cambios en la carrocer\u00eda, y el siguiente ser\u00e1 para el resto de piezas.<\/p>\n\n\n\n<p class=\"has-blue-color has-text-color has-link-color wp-elements-873eae10e756dd0048fedc7412f3943a\">Happy New Year to everyone! Since the last post, there have been many advances, since this is the second model I&#8217;ve made, the process is quicker. And there have been so many, that I&#8217;m going to divide it into two: this post will only cover the changes to the bodywork, and the next one will be for the rest of the parts.<\/p>\n\n\n\n<p>En la carrocer\u00eda, hemos enmasillado con el putty blanco de Tamiya, todas las uniones de las piezas a\u00f1adidas, y una vez seca, lijamos hasta dejar la superficie lisa, como se ve en las \u00faltimas dos fotos:<\/p>\n\n\n\n<p class=\"has-blue-color has-text-color has-link-color wp-elements-e25a8aedf1babb719d3c0de5e39b565f\">On the body, we have putty all the joints of the added pieces with Tamiya white putty, and once dry, we sanded until leaving the surface smooth, as seen in the last two photos:<\/p>\n\n\n\n<figure class=\"wp-block-gallery has-nested-images columns-2 is-cropped wp-block-gallery-1 is-layout-flex wp-block-gallery-is-layout-flex\">\n<figure class=\"wp-block-image size-large\"><a href=\"http:\/\/blog.maquetea.com\/wp-content\/uploads\/2025\/01\/AMG-Mann-020.jpg\"><img loading=\"lazy\" decoding=\"async\" width=\"850\" height=\"478\" data-id=\"11355\" src=\"http:\/\/blog.maquetea.com\/wp-content\/uploads\/2025\/01\/AMG-Mann-020.jpg\" alt=\"\" class=\"wp-image-11355\" srcset=\"http:\/\/blog.maquetea.com\/wp-content\/uploads\/2025\/01\/AMG-Mann-020.jpg 850w, http:\/\/blog.maquetea.com\/wp-content\/uploads\/2025\/01\/AMG-Mann-020-300x169.jpg 300w, http:\/\/blog.maquetea.com\/wp-content\/uploads\/2025\/01\/AMG-Mann-020-768x432.jpg 768w\" sizes=\"(max-width: 850px) 100vw, 850px\" \/><\/a><\/figure>\n\n\n\n<figure class=\"wp-block-image size-large\"><a href=\"http:\/\/blog.maquetea.com\/wp-content\/uploads\/2025\/01\/AMG-Mann-021.jpg\"><img loading=\"lazy\" decoding=\"async\" width=\"850\" height=\"478\" data-id=\"11356\" src=\"http:\/\/blog.maquetea.com\/wp-content\/uploads\/2025\/01\/AMG-Mann-021.jpg\" alt=\"\" class=\"wp-image-11356\" srcset=\"http:\/\/blog.maquetea.com\/wp-content\/uploads\/2025\/01\/AMG-Mann-021.jpg 850w, http:\/\/blog.maquetea.com\/wp-content\/uploads\/2025\/01\/AMG-Mann-021-300x169.jpg 300w, http:\/\/blog.maquetea.com\/wp-content\/uploads\/2025\/01\/AMG-Mann-021-768x432.jpg 768w\" sizes=\"(max-width: 850px) 100vw, 850px\" \/><\/a><\/figure>\n\n\n\n<figure class=\"wp-block-image size-large\"><a href=\"http:\/\/blog.maquetea.com\/wp-content\/uploads\/2025\/01\/AMG-Mann-022.jpg\"><img loading=\"lazy\" decoding=\"async\" width=\"850\" height=\"478\" data-id=\"11357\" src=\"http:\/\/blog.maquetea.com\/wp-content\/uploads\/2025\/01\/AMG-Mann-022.jpg\" alt=\"\" class=\"wp-image-11357\" srcset=\"http:\/\/blog.maquetea.com\/wp-content\/uploads\/2025\/01\/AMG-Mann-022.jpg 850w, http:\/\/blog.maquetea.com\/wp-content\/uploads\/2025\/01\/AMG-Mann-022-300x169.jpg 300w, http:\/\/blog.maquetea.com\/wp-content\/uploads\/2025\/01\/AMG-Mann-022-768x432.jpg 768w\" sizes=\"(max-width: 850px) 100vw, 850px\" \/><\/a><\/figure>\n\n\n\n<figure class=\"wp-block-image size-large\"><a href=\"http:\/\/blog.maquetea.com\/wp-content\/uploads\/2025\/01\/AMG-Mann-023.jpg\"><img loading=\"lazy\" decoding=\"async\" width=\"850\" height=\"478\" data-id=\"11358\" src=\"http:\/\/blog.maquetea.com\/wp-content\/uploads\/2025\/01\/AMG-Mann-023.jpg\" alt=\"\" class=\"wp-image-11358\" srcset=\"http:\/\/blog.maquetea.com\/wp-content\/uploads\/2025\/01\/AMG-Mann-023.jpg 850w, http:\/\/blog.maquetea.com\/wp-content\/uploads\/2025\/01\/AMG-Mann-023-300x169.jpg 300w, http:\/\/blog.maquetea.com\/wp-content\/uploads\/2025\/01\/AMG-Mann-023-768x432.jpg 768w\" sizes=\"(max-width: 850px) 100vw, 850px\" \/><\/a><\/figure>\n<\/figure>\n\n\n\n<p>A continuaci\u00f3n, lijamos toda sla carrocer\u00eda con grano 1000\/1200, y le perfilamos las lineas de los paneles, para a continuaci\u00f3n, imprimar la carrocer\u00eda, con AK gris: <\/p>\n\n\n\n<p class=\"has-blue-color has-text-color has-link-color wp-elements-abdecc96a93aa41c6d5490fe0559a5ff\">Next, we sanded the entire body with 1000\/1200 grit, and outlined the panel lines, then primed the body with AK grey:<\/p>\n\n\n\n<figure class=\"wp-block-gallery has-nested-images columns-2 is-cropped wp-block-gallery-2 is-layout-flex wp-block-gallery-is-layout-flex\">\n<figure class=\"wp-block-image size-large\"><a href=\"http:\/\/blog.maquetea.com\/wp-content\/uploads\/2025\/01\/AMG-Mann-024.jpg\"><img loading=\"lazy\" decoding=\"async\" width=\"850\" height=\"478\" data-id=\"11359\" src=\"http:\/\/blog.maquetea.com\/wp-content\/uploads\/2025\/01\/AMG-Mann-024.jpg\" alt=\"\" class=\"wp-image-11359\" srcset=\"http:\/\/blog.maquetea.com\/wp-content\/uploads\/2025\/01\/AMG-Mann-024.jpg 850w, http:\/\/blog.maquetea.com\/wp-content\/uploads\/2025\/01\/AMG-Mann-024-300x169.jpg 300w, http:\/\/blog.maquetea.com\/wp-content\/uploads\/2025\/01\/AMG-Mann-024-768x432.jpg 768w\" sizes=\"(max-width: 850px) 100vw, 850px\" \/><\/a><\/figure>\n\n\n\n<figure class=\"wp-block-image size-large\"><a href=\"http:\/\/blog.maquetea.com\/wp-content\/uploads\/2025\/01\/AMG-Mann-026.jpg\"><img loading=\"lazy\" decoding=\"async\" width=\"850\" height=\"478\" data-id=\"11361\" src=\"http:\/\/blog.maquetea.com\/wp-content\/uploads\/2025\/01\/AMG-Mann-026.jpg\" alt=\"\" class=\"wp-image-11361\" srcset=\"http:\/\/blog.maquetea.com\/wp-content\/uploads\/2025\/01\/AMG-Mann-026.jpg 850w, http:\/\/blog.maquetea.com\/wp-content\/uploads\/2025\/01\/AMG-Mann-026-300x169.jpg 300w, http:\/\/blog.maquetea.com\/wp-content\/uploads\/2025\/01\/AMG-Mann-026-768x432.jpg 768w\" sizes=\"(max-width: 850px) 100vw, 850px\" \/><\/a><\/figure>\n\n\n\n<figure class=\"wp-block-image size-large\"><a href=\"http:\/\/blog.maquetea.com\/wp-content\/uploads\/2025\/01\/AMG-Mann-025.jpg\"><img loading=\"lazy\" decoding=\"async\" width=\"850\" height=\"478\" data-id=\"11360\" src=\"http:\/\/blog.maquetea.com\/wp-content\/uploads\/2025\/01\/AMG-Mann-025.jpg\" alt=\"\" class=\"wp-image-11360\" srcset=\"http:\/\/blog.maquetea.com\/wp-content\/uploads\/2025\/01\/AMG-Mann-025.jpg 850w, http:\/\/blog.maquetea.com\/wp-content\/uploads\/2025\/01\/AMG-Mann-025-300x169.jpg 300w, http:\/\/blog.maquetea.com\/wp-content\/uploads\/2025\/01\/AMG-Mann-025-768x432.jpg 768w\" sizes=\"(max-width: 850px) 100vw, 850px\" \/><\/a><\/figure>\n\n\n\n<figure class=\"wp-block-image size-large\"><a href=\"http:\/\/blog.maquetea.com\/wp-content\/uploads\/2025\/01\/AMG-Mann-027.jpg\"><img loading=\"lazy\" decoding=\"async\" width=\"850\" height=\"478\" data-id=\"11362\" src=\"http:\/\/blog.maquetea.com\/wp-content\/uploads\/2025\/01\/AMG-Mann-027.jpg\" alt=\"\" class=\"wp-image-11362\" srcset=\"http:\/\/blog.maquetea.com\/wp-content\/uploads\/2025\/01\/AMG-Mann-027.jpg 850w, http:\/\/blog.maquetea.com\/wp-content\/uploads\/2025\/01\/AMG-Mann-027-300x169.jpg 300w, http:\/\/blog.maquetea.com\/wp-content\/uploads\/2025\/01\/AMG-Mann-027-768x432.jpg 768w\" sizes=\"(max-width: 850px) 100vw, 850px\" \/><\/a><\/figure>\n\n\n\n<figure class=\"wp-block-image size-large\"><a href=\"http:\/\/blog.maquetea.com\/wp-content\/uploads\/2025\/01\/AMG-Mann-028.jpg\"><img loading=\"lazy\" decoding=\"async\" width=\"850\" height=\"478\" data-id=\"11363\" src=\"http:\/\/blog.maquetea.com\/wp-content\/uploads\/2025\/01\/AMG-Mann-028.jpg\" alt=\"\" class=\"wp-image-11363\" srcset=\"http:\/\/blog.maquetea.com\/wp-content\/uploads\/2025\/01\/AMG-Mann-028.jpg 850w, http:\/\/blog.maquetea.com\/wp-content\/uploads\/2025\/01\/AMG-Mann-028-300x169.jpg 300w, http:\/\/blog.maquetea.com\/wp-content\/uploads\/2025\/01\/AMG-Mann-028-768x432.jpg 768w\" sizes=\"(max-width: 850px) 100vw, 850px\" \/><\/a><\/figure>\n<\/figure>\n\n\n\n<p>Continuamos con la pintura, una vez lijada la carrocer\u00eda con grano 1500 para suavizar la imprimaci\u00f3n. Seleccion\u00e9 la pintura amarilla de Number5 creada para hacer esta versi\u00f3n. Apliqu\u00e9 unas 5 manos ligeras para que que cubriera bien, siendo el resultado el siguiente. Como v\u00e9is en la primera foto, el cristal trasero est\u00e1 colocado temporalmente, y enmascarado con las m\u00e1scaras que traen las hojas de calcas, porque hay unas partes que van pintadas de amarillo:  <\/p>\n\n\n\n<p class=\"has-blue-color has-text-color has-link-color wp-elements-87f79b643f2528dd112655140ed2e87f\">We continue with the painting, once the body was sanded with 1500 grit to smooth the primer. I selected the yellow Number5 paint created for this version. I applied about 5 light coats so that it covered well, and the result is as follows. As you can see in the first photo, the rear window is temporarily placed, and masked with the masks that come with the decal sheets, because there are some parts that are painted yellow:<\/p>\n\n\n\n<figure class=\"wp-block-gallery has-nested-images columns-2 is-cropped wp-block-gallery-3 is-layout-flex wp-block-gallery-is-layout-flex\">\n<figure class=\"wp-block-image size-large\"><a href=\"http:\/\/blog.maquetea.com\/wp-content\/uploads\/2025\/01\/AMG-Mann-029.jpg\"><img loading=\"lazy\" decoding=\"async\" width=\"850\" height=\"478\" data-id=\"11364\" src=\"http:\/\/blog.maquetea.com\/wp-content\/uploads\/2025\/01\/AMG-Mann-029.jpg\" alt=\"\" class=\"wp-image-11364\" srcset=\"http:\/\/blog.maquetea.com\/wp-content\/uploads\/2025\/01\/AMG-Mann-029.jpg 850w, http:\/\/blog.maquetea.com\/wp-content\/uploads\/2025\/01\/AMG-Mann-029-300x169.jpg 300w, http:\/\/blog.maquetea.com\/wp-content\/uploads\/2025\/01\/AMG-Mann-029-768x432.jpg 768w\" sizes=\"(max-width: 850px) 100vw, 850px\" \/><\/a><\/figure>\n\n\n\n<figure class=\"wp-block-image size-large\"><a href=\"http:\/\/blog.maquetea.com\/wp-content\/uploads\/2025\/01\/AMG-Mann-0210.jpg\"><img loading=\"lazy\" decoding=\"async\" width=\"850\" height=\"478\" data-id=\"11365\" src=\"http:\/\/blog.maquetea.com\/wp-content\/uploads\/2025\/01\/AMG-Mann-0210.jpg\" alt=\"\" class=\"wp-image-11365\" srcset=\"http:\/\/blog.maquetea.com\/wp-content\/uploads\/2025\/01\/AMG-Mann-0210.jpg 850w, http:\/\/blog.maquetea.com\/wp-content\/uploads\/2025\/01\/AMG-Mann-0210-300x169.jpg 300w, http:\/\/blog.maquetea.com\/wp-content\/uploads\/2025\/01\/AMG-Mann-0210-768x432.jpg 768w\" sizes=\"(max-width: 850px) 100vw, 850px\" \/><\/a><\/figure>\n\n\n\n<figure class=\"wp-block-image size-large\"><a href=\"http:\/\/blog.maquetea.com\/wp-content\/uploads\/2025\/01\/AMG-Mann-0213.jpg\"><img loading=\"lazy\" decoding=\"async\" width=\"850\" height=\"478\" data-id=\"11368\" src=\"http:\/\/blog.maquetea.com\/wp-content\/uploads\/2025\/01\/AMG-Mann-0213.jpg\" alt=\"\" class=\"wp-image-11368\" srcset=\"http:\/\/blog.maquetea.com\/wp-content\/uploads\/2025\/01\/AMG-Mann-0213.jpg 850w, http:\/\/blog.maquetea.com\/wp-content\/uploads\/2025\/01\/AMG-Mann-0213-300x169.jpg 300w, http:\/\/blog.maquetea.com\/wp-content\/uploads\/2025\/01\/AMG-Mann-0213-768x432.jpg 768w\" sizes=\"(max-width: 850px) 100vw, 850px\" \/><\/a><\/figure>\n\n\n\n<figure class=\"wp-block-image size-large\"><a href=\"http:\/\/blog.maquetea.com\/wp-content\/uploads\/2025\/01\/AMG-Mann-0212.jpg\"><img loading=\"lazy\" decoding=\"async\" width=\"850\" height=\"478\" data-id=\"11367\" src=\"http:\/\/blog.maquetea.com\/wp-content\/uploads\/2025\/01\/AMG-Mann-0212.jpg\" alt=\"\" class=\"wp-image-11367\" srcset=\"http:\/\/blog.maquetea.com\/wp-content\/uploads\/2025\/01\/AMG-Mann-0212.jpg 850w, http:\/\/blog.maquetea.com\/wp-content\/uploads\/2025\/01\/AMG-Mann-0212-300x169.jpg 300w, http:\/\/blog.maquetea.com\/wp-content\/uploads\/2025\/01\/AMG-Mann-0212-768x432.jpg 768w\" sizes=\"(max-width: 850px) 100vw, 850px\" \/><\/a><\/figure>\n\n\n\n<figure class=\"wp-block-image size-large\"><a href=\"http:\/\/blog.maquetea.com\/wp-content\/uploads\/2025\/01\/AMG-Mann-0214.jpg\"><img loading=\"lazy\" decoding=\"async\" width=\"850\" height=\"478\" data-id=\"11369\" src=\"http:\/\/blog.maquetea.com\/wp-content\/uploads\/2025\/01\/AMG-Mann-0214.jpg\" alt=\"\" class=\"wp-image-11369\" srcset=\"http:\/\/blog.maquetea.com\/wp-content\/uploads\/2025\/01\/AMG-Mann-0214.jpg 850w, http:\/\/blog.maquetea.com\/wp-content\/uploads\/2025\/01\/AMG-Mann-0214-300x169.jpg 300w, http:\/\/blog.maquetea.com\/wp-content\/uploads\/2025\/01\/AMG-Mann-0214-768x432.jpg 768w\" sizes=\"(max-width: 850px) 100vw, 850px\" \/><\/a><\/figure>\n\n\n\n<figure class=\"wp-block-image size-large\"><a href=\"http:\/\/blog.maquetea.com\/wp-content\/uploads\/2025\/01\/AMG-Mann-0215.jpg\"><img loading=\"lazy\" decoding=\"async\" width=\"850\" height=\"478\" data-id=\"11370\" src=\"http:\/\/blog.maquetea.com\/wp-content\/uploads\/2025\/01\/AMG-Mann-0215.jpg\" alt=\"\" class=\"wp-image-11370\" srcset=\"http:\/\/blog.maquetea.com\/wp-content\/uploads\/2025\/01\/AMG-Mann-0215.jpg 850w, http:\/\/blog.maquetea.com\/wp-content\/uploads\/2025\/01\/AMG-Mann-0215-300x169.jpg 300w, http:\/\/blog.maquetea.com\/wp-content\/uploads\/2025\/01\/AMG-Mann-0215-768x432.jpg 768w\" sizes=\"(max-width: 850px) 100vw, 850px\" \/><\/a><\/figure>\n\n\n\n<figure class=\"wp-block-image size-large\"><a href=\"http:\/\/blog.maquetea.com\/wp-content\/uploads\/2025\/01\/AMG-Mann-0211.jpg\"><img loading=\"lazy\" decoding=\"async\" width=\"850\" height=\"478\" data-id=\"11366\" src=\"http:\/\/blog.maquetea.com\/wp-content\/uploads\/2025\/01\/AMG-Mann-0211.jpg\" alt=\"\" class=\"wp-image-11366\" srcset=\"http:\/\/blog.maquetea.com\/wp-content\/uploads\/2025\/01\/AMG-Mann-0211.jpg 850w, http:\/\/blog.maquetea.com\/wp-content\/uploads\/2025\/01\/AMG-Mann-0211-300x169.jpg 300w, http:\/\/blog.maquetea.com\/wp-content\/uploads\/2025\/01\/AMG-Mann-0211-768x432.jpg 768w\" sizes=\"(max-width: 850px) 100vw, 850px\" \/><\/a><\/figure>\n<\/figure>\n\n\n\n<p>Y no podia resistir ponerle el aler\u00f3n trasero para ver como quedaba!!<\/p>\n\n\n\n<p class=\"has-blue-color has-text-color has-link-color wp-elements-b2b5a4c8f8080322db5932f90da6a15a\">And I couldn&#8217;t resist putting the rear spoiler on to see how it looked!!<\/p>\n\n\n\n<figure class=\"wp-block-gallery has-nested-images columns-default is-cropped wp-block-gallery-4 is-layout-flex wp-block-gallery-is-layout-flex\">\n<figure class=\"wp-block-image size-large\"><a href=\"http:\/\/blog.maquetea.com\/wp-content\/uploads\/2025\/01\/AMG-Mann-0216.jpg\"><img loading=\"lazy\" decoding=\"async\" width=\"850\" height=\"478\" data-id=\"11371\" src=\"http:\/\/blog.maquetea.com\/wp-content\/uploads\/2025\/01\/AMG-Mann-0216.jpg\" alt=\"\" class=\"wp-image-11371\" srcset=\"http:\/\/blog.maquetea.com\/wp-content\/uploads\/2025\/01\/AMG-Mann-0216.jpg 850w, http:\/\/blog.maquetea.com\/wp-content\/uploads\/2025\/01\/AMG-Mann-0216-300x169.jpg 300w, http:\/\/blog.maquetea.com\/wp-content\/uploads\/2025\/01\/AMG-Mann-0216-768x432.jpg 768w\" sizes=\"(max-width: 850px) 100vw, 850px\" \/><\/a><\/figure>\n<\/figure>\n\n\n\n<p>Cuando la pintura estuvo seca, fue el momento de empezar con las calcas. LB indica el orden de ponerlas para que vayan encajando unas con otras. Empezando por las del cap\u00f3 delantero, se continua con las adyacentes, para despu\u00e9s pasar a las esquinas traseras. Por \u00faltimo, para terminar las calcas que asemejan las escamas de la serpiente, se colocan las de los laterales. Decir que el encaje no es perfecto y que sobra algo de calca en algunas partes. Y eso si, hay que utilizar los liquidos para poner las calcas (Micro en mi caso) y el secador de pelo porque hay muchas curvas en la carrocer\u00eda, y hay que fijarlas muy bien para que no queden burbujas o dobleces que entorpezcan el lacado:  <\/p>\n\n\n\n<p class=\"has-blue-color has-text-color has-link-color wp-elements-d4c63c018bdee6e7ac614c3a16b9cad2\">When the paint was dry, it was time to start with the decals. LB indicates the order to put them on so that they fit together. Starting with the ones on the front hood, continue with the adjacent ones, then move on to the rear corners. Finally, to finish the decals that resemble the scales of the snake, place the ones on the sides. It should be noted that the fit is not perfect and there is some excess decal in some parts. And yes, you have to use the liquids to put the decals (Micro in my case) and the hair dryer because there are many curves in the body, and you have to fix them very well so that there are no bubbles or folds that hinder the lacquer:<\/p>\n\n\n\n<figure class=\"wp-block-gallery has-nested-images columns-default is-cropped wp-block-gallery-5 is-layout-flex wp-block-gallery-is-layout-flex\">\n<figure class=\"wp-block-image size-large\"><a href=\"http:\/\/blog.maquetea.com\/wp-content\/uploads\/2025\/01\/AMG-Mann-0217.jpg\"><img loading=\"lazy\" decoding=\"async\" width=\"850\" height=\"478\" data-id=\"11372\" src=\"http:\/\/blog.maquetea.com\/wp-content\/uploads\/2025\/01\/AMG-Mann-0217.jpg\" alt=\"\" class=\"wp-image-11372\" srcset=\"http:\/\/blog.maquetea.com\/wp-content\/uploads\/2025\/01\/AMG-Mann-0217.jpg 850w, http:\/\/blog.maquetea.com\/wp-content\/uploads\/2025\/01\/AMG-Mann-0217-300x169.jpg 300w, http:\/\/blog.maquetea.com\/wp-content\/uploads\/2025\/01\/AMG-Mann-0217-768x432.jpg 768w\" sizes=\"(max-width: 850px) 100vw, 850px\" \/><\/a><\/figure>\n\n\n\n<figure class=\"wp-block-image size-large\"><a href=\"http:\/\/blog.maquetea.com\/wp-content\/uploads\/2025\/01\/AMG-Mann-0219.jpg\"><img loading=\"lazy\" decoding=\"async\" width=\"850\" height=\"478\" data-id=\"11373\" src=\"http:\/\/blog.maquetea.com\/wp-content\/uploads\/2025\/01\/AMG-Mann-0219.jpg\" alt=\"\" class=\"wp-image-11373\" srcset=\"http:\/\/blog.maquetea.com\/wp-content\/uploads\/2025\/01\/AMG-Mann-0219.jpg 850w, http:\/\/blog.maquetea.com\/wp-content\/uploads\/2025\/01\/AMG-Mann-0219-300x169.jpg 300w, http:\/\/blog.maquetea.com\/wp-content\/uploads\/2025\/01\/AMG-Mann-0219-768x432.jpg 768w\" sizes=\"(max-width: 850px) 100vw, 850px\" \/><\/a><\/figure>\n\n\n\n<figure class=\"wp-block-image size-large\"><a href=\"http:\/\/blog.maquetea.com\/wp-content\/uploads\/2025\/01\/AMG-Mann-0225.jpg\"><img loading=\"lazy\" decoding=\"async\" width=\"850\" height=\"478\" data-id=\"11375\" src=\"http:\/\/blog.maquetea.com\/wp-content\/uploads\/2025\/01\/AMG-Mann-0225.jpg\" alt=\"\" class=\"wp-image-11375\" srcset=\"http:\/\/blog.maquetea.com\/wp-content\/uploads\/2025\/01\/AMG-Mann-0225.jpg 850w, http:\/\/blog.maquetea.com\/wp-content\/uploads\/2025\/01\/AMG-Mann-0225-300x169.jpg 300w, http:\/\/blog.maquetea.com\/wp-content\/uploads\/2025\/01\/AMG-Mann-0225-768x432.jpg 768w\" sizes=\"(max-width: 850px) 100vw, 850px\" \/><\/a><\/figure>\n\n\n\n<figure class=\"wp-block-image size-large\"><a href=\"http:\/\/blog.maquetea.com\/wp-content\/uploads\/2025\/01\/AMG-Mann-0223.jpg\"><img loading=\"lazy\" decoding=\"async\" width=\"850\" height=\"478\" data-id=\"11374\" src=\"http:\/\/blog.maquetea.com\/wp-content\/uploads\/2025\/01\/AMG-Mann-0223.jpg\" alt=\"\" class=\"wp-image-11374\" srcset=\"http:\/\/blog.maquetea.com\/wp-content\/uploads\/2025\/01\/AMG-Mann-0223.jpg 850w, http:\/\/blog.maquetea.com\/wp-content\/uploads\/2025\/01\/AMG-Mann-0223-300x169.jpg 300w, http:\/\/blog.maquetea.com\/wp-content\/uploads\/2025\/01\/AMG-Mann-0223-768x432.jpg 768w\" sizes=\"(max-width: 850px) 100vw, 850px\" \/><\/a><\/figure>\n\n\n\n<figure class=\"wp-block-image size-large\"><a href=\"http:\/\/blog.maquetea.com\/wp-content\/uploads\/2025\/01\/AMG-Mann-0229.jpg\"><img loading=\"lazy\" decoding=\"async\" width=\"850\" height=\"478\" data-id=\"11376\" src=\"http:\/\/blog.maquetea.com\/wp-content\/uploads\/2025\/01\/AMG-Mann-0229.jpg\" alt=\"\" class=\"wp-image-11376\" srcset=\"http:\/\/blog.maquetea.com\/wp-content\/uploads\/2025\/01\/AMG-Mann-0229.jpg 850w, http:\/\/blog.maquetea.com\/wp-content\/uploads\/2025\/01\/AMG-Mann-0229-300x169.jpg 300w, http:\/\/blog.maquetea.com\/wp-content\/uploads\/2025\/01\/AMG-Mann-0229-768x432.jpg 768w\" sizes=\"(max-width: 850px) 100vw, 850px\" \/><\/a><\/figure>\n\n\n\n<figure class=\"wp-block-image size-large\"><a href=\"http:\/\/blog.maquetea.com\/wp-content\/uploads\/2025\/01\/AMG-Mann-0232.jpg\"><img loading=\"lazy\" decoding=\"async\" width=\"850\" height=\"478\" data-id=\"11377\" src=\"http:\/\/blog.maquetea.com\/wp-content\/uploads\/2025\/01\/AMG-Mann-0232.jpg\" alt=\"\" class=\"wp-image-11377\" srcset=\"http:\/\/blog.maquetea.com\/wp-content\/uploads\/2025\/01\/AMG-Mann-0232.jpg 850w, http:\/\/blog.maquetea.com\/wp-content\/uploads\/2025\/01\/AMG-Mann-0232-300x169.jpg 300w, http:\/\/blog.maquetea.com\/wp-content\/uploads\/2025\/01\/AMG-Mann-0232-768x432.jpg 768w\" sizes=\"(max-width: 850px) 100vw, 850px\" \/><\/a><\/figure>\n\n\n\n<figure class=\"wp-block-image size-large\"><a href=\"http:\/\/blog.maquetea.com\/wp-content\/uploads\/2025\/01\/AMG-Mann-0237.jpg\"><img loading=\"lazy\" decoding=\"async\" width=\"850\" height=\"478\" data-id=\"11378\" src=\"http:\/\/blog.maquetea.com\/wp-content\/uploads\/2025\/01\/AMG-Mann-0237.jpg\" alt=\"\" class=\"wp-image-11378\" srcset=\"http:\/\/blog.maquetea.com\/wp-content\/uploads\/2025\/01\/AMG-Mann-0237.jpg 850w, http:\/\/blog.maquetea.com\/wp-content\/uploads\/2025\/01\/AMG-Mann-0237-300x169.jpg 300w, http:\/\/blog.maquetea.com\/wp-content\/uploads\/2025\/01\/AMG-Mann-0237-768x432.jpg 768w\" sizes=\"(max-width: 850px) 100vw, 850px\" \/><\/a><\/figure>\n<\/figure>\n\n\n\n<p>Y a partir de ahora, las fotos con todas las calcas colocadas:<\/p>\n\n\n\n<p class=\"has-blue-color has-text-color has-link-color wp-elements-5aeb3d67b5a3b3531c5773b7d8bf6678\">And from now on, the photos with all the decals placed:<\/p>\n\n\n\n<figure class=\"wp-block-gallery has-nested-images columns-2 is-cropped wp-block-gallery-6 is-layout-flex wp-block-gallery-is-layout-flex\">\n<figure class=\"wp-block-image size-large\"><a href=\"http:\/\/blog.maquetea.com\/wp-content\/uploads\/2025\/01\/AMG-Mann-0240.jpg\"><img loading=\"lazy\" decoding=\"async\" width=\"850\" height=\"478\" data-id=\"11379\" src=\"http:\/\/blog.maquetea.com\/wp-content\/uploads\/2025\/01\/AMG-Mann-0240.jpg\" alt=\"\" class=\"wp-image-11379\" srcset=\"http:\/\/blog.maquetea.com\/wp-content\/uploads\/2025\/01\/AMG-Mann-0240.jpg 850w, http:\/\/blog.maquetea.com\/wp-content\/uploads\/2025\/01\/AMG-Mann-0240-300x169.jpg 300w, http:\/\/blog.maquetea.com\/wp-content\/uploads\/2025\/01\/AMG-Mann-0240-768x432.jpg 768w\" sizes=\"(max-width: 850px) 100vw, 850px\" \/><\/a><\/figure>\n\n\n\n<figure class=\"wp-block-image size-large\"><a href=\"http:\/\/blog.maquetea.com\/wp-content\/uploads\/2025\/01\/AMG-Mann-0241.jpg\"><img loading=\"lazy\" decoding=\"async\" width=\"850\" height=\"478\" data-id=\"11380\" src=\"http:\/\/blog.maquetea.com\/wp-content\/uploads\/2025\/01\/AMG-Mann-0241.jpg\" alt=\"\" class=\"wp-image-11380\" srcset=\"http:\/\/blog.maquetea.com\/wp-content\/uploads\/2025\/01\/AMG-Mann-0241.jpg 850w, http:\/\/blog.maquetea.com\/wp-content\/uploads\/2025\/01\/AMG-Mann-0241-300x169.jpg 300w, http:\/\/blog.maquetea.com\/wp-content\/uploads\/2025\/01\/AMG-Mann-0241-768x432.jpg 768w\" sizes=\"(max-width: 850px) 100vw, 850px\" \/><\/a><\/figure>\n\n\n\n<figure class=\"wp-block-image size-large\"><a href=\"http:\/\/blog.maquetea.com\/wp-content\/uploads\/2025\/01\/AMG-Mann-0242.jpg\"><img loading=\"lazy\" decoding=\"async\" width=\"850\" height=\"478\" data-id=\"11381\" src=\"http:\/\/blog.maquetea.com\/wp-content\/uploads\/2025\/01\/AMG-Mann-0242.jpg\" alt=\"\" class=\"wp-image-11381\" srcset=\"http:\/\/blog.maquetea.com\/wp-content\/uploads\/2025\/01\/AMG-Mann-0242.jpg 850w, http:\/\/blog.maquetea.com\/wp-content\/uploads\/2025\/01\/AMG-Mann-0242-300x169.jpg 300w, http:\/\/blog.maquetea.com\/wp-content\/uploads\/2025\/01\/AMG-Mann-0242-768x432.jpg 768w\" sizes=\"(max-width: 850px) 100vw, 850px\" \/><\/a><\/figure>\n\n\n\n<figure class=\"wp-block-image size-large\"><a href=\"http:\/\/blog.maquetea.com\/wp-content\/uploads\/2025\/01\/AMG-Mann-0245.jpg\"><img loading=\"lazy\" decoding=\"async\" width=\"850\" height=\"478\" data-id=\"11383\" src=\"http:\/\/blog.maquetea.com\/wp-content\/uploads\/2025\/01\/AMG-Mann-0245.jpg\" alt=\"\" class=\"wp-image-11383\" srcset=\"http:\/\/blog.maquetea.com\/wp-content\/uploads\/2025\/01\/AMG-Mann-0245.jpg 850w, http:\/\/blog.maquetea.com\/wp-content\/uploads\/2025\/01\/AMG-Mann-0245-300x169.jpg 300w, http:\/\/blog.maquetea.com\/wp-content\/uploads\/2025\/01\/AMG-Mann-0245-768x432.jpg 768w\" sizes=\"(max-width: 850px) 100vw, 850px\" \/><\/a><\/figure>\n\n\n\n<figure class=\"wp-block-image size-large\"><a href=\"http:\/\/blog.maquetea.com\/wp-content\/uploads\/2025\/01\/AMG-Mann-0243.jpg\"><img loading=\"lazy\" decoding=\"async\" width=\"850\" height=\"478\" data-id=\"11382\" src=\"http:\/\/blog.maquetea.com\/wp-content\/uploads\/2025\/01\/AMG-Mann-0243.jpg\" alt=\"\" class=\"wp-image-11382\" srcset=\"http:\/\/blog.maquetea.com\/wp-content\/uploads\/2025\/01\/AMG-Mann-0243.jpg 850w, http:\/\/blog.maquetea.com\/wp-content\/uploads\/2025\/01\/AMG-Mann-0243-300x169.jpg 300w, http:\/\/blog.maquetea.com\/wp-content\/uploads\/2025\/01\/AMG-Mann-0243-768x432.jpg 768w\" sizes=\"(max-width: 850px) 100vw, 850px\" \/><\/a><\/figure>\n\n\n\n<figure class=\"wp-block-image size-large\"><a href=\"http:\/\/blog.maquetea.com\/wp-content\/uploads\/2025\/01\/AMG-Mann-0253.jpg\"><img loading=\"lazy\" decoding=\"async\" width=\"850\" height=\"478\" data-id=\"11384\" src=\"http:\/\/blog.maquetea.com\/wp-content\/uploads\/2025\/01\/AMG-Mann-0253.jpg\" alt=\"\" class=\"wp-image-11384\" srcset=\"http:\/\/blog.maquetea.com\/wp-content\/uploads\/2025\/01\/AMG-Mann-0253.jpg 850w, http:\/\/blog.maquetea.com\/wp-content\/uploads\/2025\/01\/AMG-Mann-0253-300x169.jpg 300w, http:\/\/blog.maquetea.com\/wp-content\/uploads\/2025\/01\/AMG-Mann-0253-768x432.jpg 768w\" sizes=\"(max-width: 850px) 100vw, 850px\" \/><\/a><\/figure>\n<\/figure>\n\n\n\n<p>Al final, ha sido un trabajo largo y laborioso, pero el resultado es brutal!!! Gracias por ver y comentar!<\/p>\n\n\n\n<p class=\"has-blue-color has-text-color has-link-color wp-elements-f45803856973a61a5493731292bcc332\">In the end, it was a long and laborious job, but the result is brutal!!! Thanks for watching and commenting!<\/p>\n","protected":false},"excerpt":{"rendered":"<p>Feliz a\u00f1o a todos!! Desde el ultimo post, ha habido muchos avances puesto que al ser el segundo modelo que hago, el proceso es m\u00e1s r\u00e1pido. Y han sido tantos, que lo voy a dividir en dos: este post solo &hellip; <a href=\"http:\/\/blog.maquetea.com\/?p=11385\">Continue reading <span class=\"meta-nav\">&rarr;<\/span><\/a><\/p>\n","protected":false},"author":1,"featured_media":0,"comment_status":"open","ping_status":"open","sticky":false,"template":"","format":"standard","meta":{"footnotes":""},"categories":[356],"tags":[122,115],"_links":{"self":[{"href":"http:\/\/blog.maquetea.com\/index.php?rest_route=\/wp\/v2\/posts\/11385"}],"collection":[{"href":"http:\/\/blog.maquetea.com\/index.php?rest_route=\/wp\/v2\/posts"}],"about":[{"href":"http:\/\/blog.maquetea.com\/index.php?rest_route=\/wp\/v2\/types\/post"}],"author":[{"embeddable":true,"href":"http:\/\/blog.maquetea.com\/index.php?rest_route=\/wp\/v2\/users\/1"}],"replies":[{"embeddable":true,"href":"http:\/\/blog.maquetea.com\/index.php?rest_route=%2Fwp%2Fv2%2Fcomments&post=11385"}],"version-history":[{"count":7,"href":"http:\/\/blog.maquetea.com\/index.php?rest_route=\/wp\/v2\/posts\/11385\/revisions"}],"predecessor-version":[{"id":11394,"href":"http:\/\/blog.maquetea.com\/index.php?rest_route=\/wp\/v2\/posts\/11385\/revisions\/11394"}],"wp:attachment":[{"href":"http:\/\/blog.maquetea.com\/index.php?rest_route=%2Fwp%2Fv2%2Fmedia&parent=11385"}],"wp:term":[{"taxonomy":"category","embeddable":true,"href":"http:\/\/blog.maquetea.com\/index.php?rest_route=%2Fwp%2Fv2%2Fcategories&post=11385"},{"taxonomy":"post_tag","embeddable":true,"href":"http:\/\/blog.maquetea.com\/index.php?rest_route=%2Fwp%2Fv2%2Ftags&post=11385"}],"curies":[{"name":"wp","href":"https:\/\/api.w.org\/{rel}","templated":true}]}}