{"id":11342,"date":"2024-12-02T16:38:43","date_gmt":"2024-12-02T15:38:43","guid":{"rendered":"http:\/\/blog.maquetea.com\/?p=11342"},"modified":"2024-12-02T17:26:48","modified_gmt":"2024-12-02T16:26:48","slug":"mercedes-amg-gt3-mann-tamiya-1-24-1","status":"publish","type":"post","link":"http:\/\/blog.maquetea.com\/?p=11342","title":{"rendered":"Mercedes AMG GT3 Mann \u2013 Tamiya 1\/24 (#1)"},"content":{"rendered":"\n<p>Empiezo otro proyecto para poder acabar algo mientras el M3 se toma su tiempo puesto que hay muchas cosas que hacer, y de vez en cuando, hay que acabar algo!! En este caso es otro AMG GT3 de Mercedes, pero en su versi\u00f3n EVO y con la decoraci\u00f3nde Filter Man, el llamado &#8220;Mamba&#8221;!! <\/p>\n\n\n\n<p class=\"has-blue-color has-text-color has-link-color wp-elements-2b3b8e4071d3fcacd781f64563b8b78a\">I&#8217;m starting another project so I can finish something while the M3 takes its time, since there are many things to do, and from time to time, you have to finish something!! In this case it&#8217;s another Mercedes AMG GT3, but in its EVO version and with Filter Man&#8217;s livery, the so-called &#8220;Mamba&#8221;!!<\/p>\n\n\n\n<figure class=\"wp-block-image size-full\"><a href=\"http:\/\/blog.maquetea.com\/wp-content\/uploads\/2024\/11\/48-Winward-Racing-Mercedes-AMG-GT3-IGTC-2024-Spa-24-2-730x487-1.jpg\"><img loading=\"lazy\" decoding=\"async\" width=\"730\" height=\"487\" src=\"http:\/\/blog.maquetea.com\/wp-content\/uploads\/2024\/11\/48-Winward-Racing-Mercedes-AMG-GT3-IGTC-2024-Spa-24-2-730x487-1.jpg\" alt=\"\" class=\"wp-image-11344\" srcset=\"http:\/\/blog.maquetea.com\/wp-content\/uploads\/2024\/11\/48-Winward-Racing-Mercedes-AMG-GT3-IGTC-2024-Spa-24-2-730x487-1.jpg 730w, http:\/\/blog.maquetea.com\/wp-content\/uploads\/2024\/11\/48-Winward-Racing-Mercedes-AMG-GT3-IGTC-2024-Spa-24-2-730x487-1-300x200.jpg 300w\" sizes=\"(max-width: 730px) 100vw, 730px\" \/><\/a><\/figure>\n\n\n\n<p>Para ello, cogemos el fant\u00e1stico y divertido kit de Tamiya, y las calcas y TK de LB Production.Del kit, no tengo que decir nada m\u00e1s de lo que dije cuando hice el de la versi\u00f3n Gulf: es Tamiya, con sus encajes y formas perfectos y sin casi lineas de molde, lo que hace de \u00e9l un kit divertido de hacer. De las calcas y el TK de LB Production, decir que no he usado nunca estas calcas, pero parecen muy buenas, con unas buenas instarucciones. Del TK, decir que es muy limpio, fino, encaja bien, y que le hace al coche un poco m\u00e1s bruto de lo que es:<\/p>\n\n\n\n<p class=\"has-blue-color has-text-color has-link-color wp-elements-07f851433cf3644132683ce98f9d8caa\">For this, we take the fantastic and fun Tamiya kit, and the decals and TK from LB Production. About the kit, I don&#8217;t have to say anything more than what I said when I made the Gulf version: it&#8217;s Tamiya, with its perfect fits and shapes and almost no mold lines, which makes it a fun kit to make. About the decals and the TK from LB Production, I have to say that I&#8217;ve never used these decals, but they seem very good, with good installations. About the TK, I have to say that it&#8217;s very clean, fine, fits well, and makes the car a little more brutal than it is:<\/p>\n\n\n\n<figure class=\"wp-block-gallery has-nested-images columns-2 is-cropped wp-block-gallery-1 is-layout-flex wp-block-gallery-is-layout-flex\">\n<figure class=\"wp-block-image size-large\"><a href=\"http:\/\/blog.maquetea.com\/wp-content\/uploads\/2024\/11\/AMG-Mann-0147.jpg\"><img loading=\"lazy\" decoding=\"async\" width=\"850\" height=\"638\" data-id=\"11341\" src=\"http:\/\/blog.maquetea.com\/wp-content\/uploads\/2024\/11\/AMG-Mann-0147.jpg\" alt=\"\" class=\"wp-image-11341\" srcset=\"http:\/\/blog.maquetea.com\/wp-content\/uploads\/2024\/11\/AMG-Mann-0147.jpg 850w, http:\/\/blog.maquetea.com\/wp-content\/uploads\/2024\/11\/AMG-Mann-0147-300x225.jpg 300w, http:\/\/blog.maquetea.com\/wp-content\/uploads\/2024\/11\/AMG-Mann-0147-768x576.jpg 768w\" sizes=\"(max-width: 850px) 100vw, 850px\" \/><\/a><\/figure>\n\n\n\n<figure class=\"wp-block-image size-large\"><a href=\"http:\/\/blog.maquetea.com\/wp-content\/uploads\/2024\/11\/AMG-Mann-0146.jpg\"><img loading=\"lazy\" decoding=\"async\" width=\"850\" height=\"478\" data-id=\"11340\" src=\"http:\/\/blog.maquetea.com\/wp-content\/uploads\/2024\/11\/AMG-Mann-0146.jpg\" alt=\"\" class=\"wp-image-11340\" srcset=\"http:\/\/blog.maquetea.com\/wp-content\/uploads\/2024\/11\/AMG-Mann-0146.jpg 850w, http:\/\/blog.maquetea.com\/wp-content\/uploads\/2024\/11\/AMG-Mann-0146-300x169.jpg 300w, http:\/\/blog.maquetea.com\/wp-content\/uploads\/2024\/11\/AMG-Mann-0146-768x432.jpg 768w\" sizes=\"(max-width: 850px) 100vw, 850px\" \/><\/a><\/figure>\n\n\n\n<figure class=\"wp-block-image size-large\"><a href=\"http:\/\/blog.maquetea.com\/wp-content\/uploads\/2024\/11\/AMG-Mann-013.jpg\"><img loading=\"lazy\" decoding=\"async\" width=\"850\" height=\"478\" data-id=\"11309\" src=\"http:\/\/blog.maquetea.com\/wp-content\/uploads\/2024\/11\/AMG-Mann-013.jpg\" alt=\"\" class=\"wp-image-11309\" srcset=\"http:\/\/blog.maquetea.com\/wp-content\/uploads\/2024\/11\/AMG-Mann-013.jpg 850w, http:\/\/blog.maquetea.com\/wp-content\/uploads\/2024\/11\/AMG-Mann-013-300x169.jpg 300w, http:\/\/blog.maquetea.com\/wp-content\/uploads\/2024\/11\/AMG-Mann-013-768x432.jpg 768w\" sizes=\"(max-width: 850px) 100vw, 850px\" \/><\/a><\/figure>\n<\/figure>\n\n\n\n<p>Vamos con el proceso. De primeras vemos como ajusta el TK, sustituyendo varias piezas del kit. En la parte delantera, es necesario eliminar la placa que lleva el kit delante del capo, para que pueda asentarse de manera correcta:  <\/p>\n\n\n\n<p class=\"has-blue-color has-text-color has-link-color wp-elements-38e32ad68d23e8c7977ebe12ca3646c3\">Let&#8217;s go through the process. First we see how the TK fits, replacing several parts of the kit. At the front, it is necessary to remove the plate that the kit has in front of the hood, so that it can sit correctly:<\/p>\n\n\n\n<figure class=\"wp-block-gallery has-nested-images columns-2 is-cropped wp-block-gallery-2 is-layout-flex wp-block-gallery-is-layout-flex\">\n<figure class=\"wp-block-image size-large\"><a href=\"http:\/\/blog.maquetea.com\/wp-content\/uploads\/2024\/11\/AMG-Mann-010.jpg\"><img loading=\"lazy\" decoding=\"async\" width=\"850\" height=\"478\" data-id=\"11306\" src=\"http:\/\/blog.maquetea.com\/wp-content\/uploads\/2024\/11\/AMG-Mann-010.jpg\" alt=\"\" class=\"wp-image-11306\" srcset=\"http:\/\/blog.maquetea.com\/wp-content\/uploads\/2024\/11\/AMG-Mann-010.jpg 850w, http:\/\/blog.maquetea.com\/wp-content\/uploads\/2024\/11\/AMG-Mann-010-300x169.jpg 300w, http:\/\/blog.maquetea.com\/wp-content\/uploads\/2024\/11\/AMG-Mann-010-768x432.jpg 768w\" sizes=\"(max-width: 850px) 100vw, 850px\" \/><\/a><\/figure>\n\n\n\n<figure class=\"wp-block-image size-large\"><a href=\"http:\/\/blog.maquetea.com\/wp-content\/uploads\/2024\/11\/AMG-Mann-012.jpg\"><img loading=\"lazy\" decoding=\"async\" width=\"850\" height=\"478\" data-id=\"11308\" src=\"http:\/\/blog.maquetea.com\/wp-content\/uploads\/2024\/11\/AMG-Mann-012.jpg\" alt=\"\" class=\"wp-image-11308\" srcset=\"http:\/\/blog.maquetea.com\/wp-content\/uploads\/2024\/11\/AMG-Mann-012.jpg 850w, http:\/\/blog.maquetea.com\/wp-content\/uploads\/2024\/11\/AMG-Mann-012-300x169.jpg 300w, http:\/\/blog.maquetea.com\/wp-content\/uploads\/2024\/11\/AMG-Mann-012-768x432.jpg 768w\" sizes=\"(max-width: 850px) 100vw, 850px\" \/><\/a><\/figure>\n\n\n\n<figure class=\"wp-block-image size-large\"><a href=\"http:\/\/blog.maquetea.com\/wp-content\/uploads\/2024\/11\/AMG-Mann-018.jpg\"><img loading=\"lazy\" decoding=\"async\" width=\"850\" height=\"478\" data-id=\"11312\" src=\"http:\/\/blog.maquetea.com\/wp-content\/uploads\/2024\/11\/AMG-Mann-018.jpg\" alt=\"\" class=\"wp-image-11312\" srcset=\"http:\/\/blog.maquetea.com\/wp-content\/uploads\/2024\/11\/AMG-Mann-018.jpg 850w, http:\/\/blog.maquetea.com\/wp-content\/uploads\/2024\/11\/AMG-Mann-018-300x169.jpg 300w, http:\/\/blog.maquetea.com\/wp-content\/uploads\/2024\/11\/AMG-Mann-018-768x432.jpg 768w\" sizes=\"(max-width: 850px) 100vw, 850px\" \/><\/a><\/figure>\n<\/figure>\n\n\n\n<p>En la parte trasea, el encaje es mejor, si bien hay que a\u00f1adir masilla en la parte interior de los extremos que van hacia delante sen los faros, y despu\u00e9s limar. Excepto eso, los ajustes son buenos. Decir que consta de 3 piezas: el faldon y dos derivas laterales:<\/p>\n\n\n\n<p class=\"has-blue-color has-text-color has-link-color wp-elements-1e8e79872e339fae2c103b28cce41fd0\">At the rear, the fit is better, although you have to add putty to the inner part of the ends that go forward to the headlights, and then file it down. Apart from that, the fit is good. It consists of 3 pieces: the skirt and two side panels:<\/p>\n\n\n\n<figure class=\"wp-block-gallery has-nested-images columns-2 is-cropped wp-block-gallery-3 is-layout-flex wp-block-gallery-is-layout-flex\">\n<figure class=\"wp-block-image size-large\"><a href=\"http:\/\/blog.maquetea.com\/wp-content\/uploads\/2024\/11\/AMG-Mann-011.jpg\"><img loading=\"lazy\" decoding=\"async\" width=\"850\" height=\"478\" data-id=\"11307\" src=\"http:\/\/blog.maquetea.com\/wp-content\/uploads\/2024\/11\/AMG-Mann-011.jpg\" alt=\"\" class=\"wp-image-11307\" srcset=\"http:\/\/blog.maquetea.com\/wp-content\/uploads\/2024\/11\/AMG-Mann-011.jpg 850w, http:\/\/blog.maquetea.com\/wp-content\/uploads\/2024\/11\/AMG-Mann-011-300x169.jpg 300w, http:\/\/blog.maquetea.com\/wp-content\/uploads\/2024\/11\/AMG-Mann-011-768x432.jpg 768w\" sizes=\"(max-width: 850px) 100vw, 850px\" \/><\/a><\/figure>\n\n\n\n<figure class=\"wp-block-image size-large\"><a href=\"http:\/\/blog.maquetea.com\/wp-content\/uploads\/2024\/11\/AMG-Mann-015.jpg\"><img loading=\"lazy\" decoding=\"async\" width=\"850\" height=\"478\" data-id=\"11310\" src=\"http:\/\/blog.maquetea.com\/wp-content\/uploads\/2024\/11\/AMG-Mann-015.jpg\" alt=\"\" class=\"wp-image-11310\" srcset=\"http:\/\/blog.maquetea.com\/wp-content\/uploads\/2024\/11\/AMG-Mann-015.jpg 850w, http:\/\/blog.maquetea.com\/wp-content\/uploads\/2024\/11\/AMG-Mann-015-300x169.jpg 300w, http:\/\/blog.maquetea.com\/wp-content\/uploads\/2024\/11\/AMG-Mann-015-768x432.jpg 768w\" sizes=\"(max-width: 850px) 100vw, 850px\" \/><\/a><\/figure>\n\n\n\n<figure class=\"wp-block-image size-large\"><a href=\"http:\/\/blog.maquetea.com\/wp-content\/uploads\/2024\/11\/AMG-Mann-017.jpg\"><img loading=\"lazy\" decoding=\"async\" width=\"850\" height=\"478\" data-id=\"11311\" src=\"http:\/\/blog.maquetea.com\/wp-content\/uploads\/2024\/11\/AMG-Mann-017.jpg\" alt=\"\" class=\"wp-image-11311\" srcset=\"http:\/\/blog.maquetea.com\/wp-content\/uploads\/2024\/11\/AMG-Mann-017.jpg 850w, http:\/\/blog.maquetea.com\/wp-content\/uploads\/2024\/11\/AMG-Mann-017-300x169.jpg 300w, http:\/\/blog.maquetea.com\/wp-content\/uploads\/2024\/11\/AMG-Mann-017-768x432.jpg 768w\" sizes=\"(max-width: 850px) 100vw, 850px\" \/><\/a><\/figure>\n<\/figure>\n\n\n\n<p>Para pegarlo, utilizo pegamento epoxy de dos componentes, utilizado en los dos extremos, ayudandome de unas pinzas. Posteriormente, le ayudo a que quede m\u00e1s firme colocando unas pletinas por debajo en su parte central, que no pegu\u00e9 al principio.<\/p>\n\n\n\n<p class=\"has-blue-color has-text-color has-link-color wp-elements-9361223d31f5c7c54d7d9e383795f371\">To glue it, I use two-component epoxy glue, used at both ends, with the help of some tweezers. Afterwards, I help it to be more firm by placing some strips underneath in its central part, which I did not glue at the beginning.<\/p>\n\n\n<div class=\"wp-block-image\">\n<figure class=\"aligncenter\"><a href=\"http:\/\/blog.maquetea.com\/wp-content\/uploads\/2024\/11\/AMG-Mann-0128.jpg\"><img loading=\"lazy\" decoding=\"async\" width=\"850\" height=\"478\" src=\"http:\/\/blog.maquetea.com\/wp-content\/uploads\/2024\/11\/AMG-Mann-0128.jpg\" alt=\"\" class=\"wp-image-11330\" srcset=\"http:\/\/blog.maquetea.com\/wp-content\/uploads\/2024\/11\/AMG-Mann-0128.jpg 850w, http:\/\/blog.maquetea.com\/wp-content\/uploads\/2024\/11\/AMG-Mann-0128-300x169.jpg 300w, http:\/\/blog.maquetea.com\/wp-content\/uploads\/2024\/11\/AMG-Mann-0128-768x432.jpg 768w\" sizes=\"(max-width: 850px) 100vw, 850px\" \/><\/a><\/figure><\/div>\n\n\n<p>Y aqu\u00ed, unas fotos de las partes de resina, ya pegadas:<\/p>\n\n\n\n<p class=\"has-blue-color has-text-color has-link-color wp-elements-6baa613387ac2ee9ac087cda7983487a\">And here are some photos of the resin parts, already glued:<\/p>\n\n\n\n<figure class=\"wp-block-gallery has-nested-images columns-2 is-cropped wp-block-gallery-4 is-layout-flex wp-block-gallery-is-layout-flex\">\n<figure class=\"wp-block-image size-large\"><a href=\"http:\/\/blog.maquetea.com\/wp-content\/uploads\/2024\/11\/AMG-Mann-0137.jpg\"><img loading=\"lazy\" decoding=\"async\" width=\"850\" height=\"478\" data-id=\"11334\" src=\"http:\/\/blog.maquetea.com\/wp-content\/uploads\/2024\/11\/AMG-Mann-0137.jpg\" alt=\"\" class=\"wp-image-11334\" srcset=\"http:\/\/blog.maquetea.com\/wp-content\/uploads\/2024\/11\/AMG-Mann-0137.jpg 850w, http:\/\/blog.maquetea.com\/wp-content\/uploads\/2024\/11\/AMG-Mann-0137-300x169.jpg 300w, http:\/\/blog.maquetea.com\/wp-content\/uploads\/2024\/11\/AMG-Mann-0137-768x432.jpg 768w\" sizes=\"(max-width: 850px) 100vw, 850px\" \/><\/a><\/figure>\n\n\n\n<figure class=\"wp-block-image size-large\"><a href=\"http:\/\/blog.maquetea.com\/wp-content\/uploads\/2024\/11\/AMG-Mann-0135.jpg\"><img loading=\"lazy\" decoding=\"async\" width=\"850\" height=\"478\" data-id=\"11333\" src=\"http:\/\/blog.maquetea.com\/wp-content\/uploads\/2024\/11\/AMG-Mann-0135.jpg\" alt=\"\" class=\"wp-image-11333\" srcset=\"http:\/\/blog.maquetea.com\/wp-content\/uploads\/2024\/11\/AMG-Mann-0135.jpg 850w, http:\/\/blog.maquetea.com\/wp-content\/uploads\/2024\/11\/AMG-Mann-0135-300x169.jpg 300w, http:\/\/blog.maquetea.com\/wp-content\/uploads\/2024\/11\/AMG-Mann-0135-768x432.jpg 768w\" sizes=\"(max-width: 850px) 100vw, 850px\" \/><\/a><\/figure>\n\n\n\n<figure class=\"wp-block-image size-large\"><a href=\"http:\/\/blog.maquetea.com\/wp-content\/uploads\/2024\/11\/AMG-Mann-0132.jpg\"><img loading=\"lazy\" decoding=\"async\" width=\"850\" height=\"478\" data-id=\"11332\" src=\"http:\/\/blog.maquetea.com\/wp-content\/uploads\/2024\/11\/AMG-Mann-0132.jpg\" alt=\"\" class=\"wp-image-11332\" srcset=\"http:\/\/blog.maquetea.com\/wp-content\/uploads\/2024\/11\/AMG-Mann-0132.jpg 850w, http:\/\/blog.maquetea.com\/wp-content\/uploads\/2024\/11\/AMG-Mann-0132-300x169.jpg 300w, http:\/\/blog.maquetea.com\/wp-content\/uploads\/2024\/11\/AMG-Mann-0132-768x432.jpg 768w\" sizes=\"(max-width: 850px) 100vw, 850px\" \/><\/a><\/figure>\n\n\n\n<figure class=\"wp-block-image size-large\"><a href=\"http:\/\/blog.maquetea.com\/wp-content\/uploads\/2024\/11\/AMG-Mann-0145.jpg\"><img loading=\"lazy\" decoding=\"async\" width=\"850\" height=\"478\" data-id=\"11339\" src=\"http:\/\/blog.maquetea.com\/wp-content\/uploads\/2024\/11\/AMG-Mann-0145.jpg\" alt=\"\" class=\"wp-image-11339\" srcset=\"http:\/\/blog.maquetea.com\/wp-content\/uploads\/2024\/11\/AMG-Mann-0145.jpg 850w, http:\/\/blog.maquetea.com\/wp-content\/uploads\/2024\/11\/AMG-Mann-0145-300x169.jpg 300w, http:\/\/blog.maquetea.com\/wp-content\/uploads\/2024\/11\/AMG-Mann-0145-768x432.jpg 768w\" sizes=\"(max-width: 850px) 100vw, 850px\" \/><\/a><\/figure>\n\n\n\n<figure class=\"wp-block-image size-large\"><a href=\"http:\/\/blog.maquetea.com\/wp-content\/uploads\/2024\/11\/AMG-Mann-0144.jpg\"><img loading=\"lazy\" decoding=\"async\" width=\"850\" height=\"478\" data-id=\"11338\" src=\"http:\/\/blog.maquetea.com\/wp-content\/uploads\/2024\/11\/AMG-Mann-0144.jpg\" alt=\"\" class=\"wp-image-11338\" srcset=\"http:\/\/blog.maquetea.com\/wp-content\/uploads\/2024\/11\/AMG-Mann-0144.jpg 850w, http:\/\/blog.maquetea.com\/wp-content\/uploads\/2024\/11\/AMG-Mann-0144-300x169.jpg 300w, http:\/\/blog.maquetea.com\/wp-content\/uploads\/2024\/11\/AMG-Mann-0144-768x432.jpg 768w\" sizes=\"(max-width: 850px) 100vw, 850px\" \/><\/a><\/figure>\n\n\n\n<figure class=\"wp-block-image size-large\"><a href=\"http:\/\/blog.maquetea.com\/wp-content\/uploads\/2024\/11\/AMG-Mann-0129.jpg\"><img loading=\"lazy\" decoding=\"async\" width=\"850\" height=\"478\" data-id=\"11331\" src=\"http:\/\/blog.maquetea.com\/wp-content\/uploads\/2024\/11\/AMG-Mann-0129.jpg\" alt=\"\" class=\"wp-image-11331\" srcset=\"http:\/\/blog.maquetea.com\/wp-content\/uploads\/2024\/11\/AMG-Mann-0129.jpg 850w, http:\/\/blog.maquetea.com\/wp-content\/uploads\/2024\/11\/AMG-Mann-0129-300x169.jpg 300w, http:\/\/blog.maquetea.com\/wp-content\/uploads\/2024\/11\/AMG-Mann-0129-768x432.jpg 768w\" sizes=\"(max-width: 850px) 100vw, 850px\" \/><\/a><\/figure>\n\n\n\n<figure class=\"wp-block-image size-large\"><a href=\"http:\/\/blog.maquetea.com\/wp-content\/uploads\/2024\/11\/AMG-Mann-0140.jpg\"><img loading=\"lazy\" decoding=\"async\" width=\"850\" height=\"478\" data-id=\"11336\" src=\"http:\/\/blog.maquetea.com\/wp-content\/uploads\/2024\/11\/AMG-Mann-0140.jpg\" alt=\"\" class=\"wp-image-11336\" srcset=\"http:\/\/blog.maquetea.com\/wp-content\/uploads\/2024\/11\/AMG-Mann-0140.jpg 850w, http:\/\/blog.maquetea.com\/wp-content\/uploads\/2024\/11\/AMG-Mann-0140-300x169.jpg 300w, http:\/\/blog.maquetea.com\/wp-content\/uploads\/2024\/11\/AMG-Mann-0140-768x432.jpg 768w\" sizes=\"(max-width: 850px) 100vw, 850px\" \/><\/a><\/figure>\n\n\n\n<figure class=\"wp-block-image size-large\"><a href=\"http:\/\/blog.maquetea.com\/wp-content\/uploads\/2024\/11\/AMG-Mann-0143.jpg\"><img loading=\"lazy\" decoding=\"async\" width=\"850\" height=\"478\" data-id=\"11337\" src=\"http:\/\/blog.maquetea.com\/wp-content\/uploads\/2024\/11\/AMG-Mann-0143.jpg\" alt=\"\" class=\"wp-image-11337\" srcset=\"http:\/\/blog.maquetea.com\/wp-content\/uploads\/2024\/11\/AMG-Mann-0143.jpg 850w, http:\/\/blog.maquetea.com\/wp-content\/uploads\/2024\/11\/AMG-Mann-0143-300x169.jpg 300w, http:\/\/blog.maquetea.com\/wp-content\/uploads\/2024\/11\/AMG-Mann-0143-768x432.jpg 768w\" sizes=\"(max-width: 850px) 100vw, 850px\" \/><\/a><\/figure>\n\n\n\n<figure class=\"wp-block-image size-large\"><a href=\"http:\/\/blog.maquetea.com\/wp-content\/uploads\/2024\/11\/AMG-Mann-0138.jpg\"><img loading=\"lazy\" decoding=\"async\" width=\"850\" height=\"478\" data-id=\"11335\" src=\"http:\/\/blog.maquetea.com\/wp-content\/uploads\/2024\/11\/AMG-Mann-0138.jpg\" alt=\"\" class=\"wp-image-11335\" srcset=\"http:\/\/blog.maquetea.com\/wp-content\/uploads\/2024\/11\/AMG-Mann-0138.jpg 850w, http:\/\/blog.maquetea.com\/wp-content\/uploads\/2024\/11\/AMG-Mann-0138-300x169.jpg 300w, http:\/\/blog.maquetea.com\/wp-content\/uploads\/2024\/11\/AMG-Mann-0138-768x432.jpg 768w\" sizes=\"(max-width: 850px) 100vw, 850px\" \/><\/a><\/figure>\n<\/figure>\n\n\n\n<p>Ahora vamos con las piezas extras de la carrocer\u00eda, necesarias para preparar la carrocer\u00eda a\u00f1adiendo masilla en las uniones, como son las tomas de aire traseras que est\u00e1n encima de las ruedas&#8230;.<\/p>\n\n\n\n<p class=\"has-blue-color has-text-color has-link-color wp-elements-ee275a756a5f5439a8b7a7e6bbae2bb7\">Now we move on to the extra body parts, necessary to prepare the body by adding putty to the joints, such as the rear air intakes that are above the wheels\u2026.<\/p>\n\n\n<div class=\"wp-block-image\">\n<figure class=\"aligncenter\"><a href=\"http:\/\/blog.maquetea.com\/wp-content\/uploads\/2024\/11\/AMG-Mann-0118.jpg\"><img loading=\"lazy\" decoding=\"async\" width=\"850\" height=\"478\" src=\"http:\/\/blog.maquetea.com\/wp-content\/uploads\/2024\/11\/AMG-Mann-0118.jpg\" alt=\"\" class=\"wp-image-11320\" srcset=\"http:\/\/blog.maquetea.com\/wp-content\/uploads\/2024\/11\/AMG-Mann-0118.jpg 850w, http:\/\/blog.maquetea.com\/wp-content\/uploads\/2024\/11\/AMG-Mann-0118-300x169.jpg 300w, http:\/\/blog.maquetea.com\/wp-content\/uploads\/2024\/11\/AMG-Mann-0118-768x432.jpg 768w\" sizes=\"(max-width: 850px) 100vw, 850px\" \/><\/a><\/figure><\/div>\n\n<div class=\"wp-block-image\">\n<figure class=\"aligncenter\"><a href=\"http:\/\/blog.maquetea.com\/wp-content\/uploads\/2024\/11\/AMG-Mann-0121.jpg\"><img loading=\"lazy\" decoding=\"async\" width=\"850\" height=\"478\" src=\"http:\/\/blog.maquetea.com\/wp-content\/uploads\/2024\/11\/AMG-Mann-0121.jpg\" alt=\"\" class=\"wp-image-11323\" srcset=\"http:\/\/blog.maquetea.com\/wp-content\/uploads\/2024\/11\/AMG-Mann-0121.jpg 850w, http:\/\/blog.maquetea.com\/wp-content\/uploads\/2024\/11\/AMG-Mann-0121-300x169.jpg 300w, http:\/\/blog.maquetea.com\/wp-content\/uploads\/2024\/11\/AMG-Mann-0121-768x432.jpg 768w\" sizes=\"(max-width: 850px) 100vw, 850px\" \/><\/a><\/figure><\/div>\n\n\n<p>&#8230;las laterales traseras&#8230;.<\/p>\n\n\n\n<p class=\"has-blue-color has-text-color has-link-color wp-elements-3c81e93dcd3c5a3a6ba4ae3283023e04\">\u2026the rear sides\u2026.<\/p>\n\n\n<div class=\"wp-block-image\">\n<figure class=\"aligncenter\"><a href=\"http:\/\/blog.maquetea.com\/wp-content\/uploads\/2024\/11\/AMG-Mann-0119.jpg\"><img loading=\"lazy\" decoding=\"async\" width=\"850\" height=\"478\" src=\"http:\/\/blog.maquetea.com\/wp-content\/uploads\/2024\/11\/AMG-Mann-0119.jpg\" alt=\"\" class=\"wp-image-11321\" srcset=\"http:\/\/blog.maquetea.com\/wp-content\/uploads\/2024\/11\/AMG-Mann-0119.jpg 850w, http:\/\/blog.maquetea.com\/wp-content\/uploads\/2024\/11\/AMG-Mann-0119-300x169.jpg 300w, http:\/\/blog.maquetea.com\/wp-content\/uploads\/2024\/11\/AMG-Mann-0119-768x432.jpg 768w\" sizes=\"(max-width: 850px) 100vw, 850px\" \/><\/a><\/figure><\/div>\n\n\n<p>&#8230;y las laterales que est\u00e1n detr\u00e1s de las ruedas delanteras: <\/p>\n\n\n\n<p class=\"has-blue-color has-text-color has-link-color wp-elements-4aabaed94b8b945fa9b72d17bbc74c63\">\u2026and the side ones that are behind the front wheels:<\/p>\n\n\n\n<figure class=\"wp-block-gallery has-nested-images columns-default is-cropped wp-block-gallery-5 is-layout-flex wp-block-gallery-is-layout-flex\">\n<figure class=\"wp-block-image size-large\"><a href=\"http:\/\/blog.maquetea.com\/wp-content\/uploads\/2024\/11\/AMG-Mann-0120.jpg\"><img loading=\"lazy\" decoding=\"async\" width=\"850\" height=\"478\" data-id=\"11322\" src=\"http:\/\/blog.maquetea.com\/wp-content\/uploads\/2024\/11\/AMG-Mann-0120.jpg\" alt=\"\" class=\"wp-image-11322\" srcset=\"http:\/\/blog.maquetea.com\/wp-content\/uploads\/2024\/11\/AMG-Mann-0120.jpg 850w, http:\/\/blog.maquetea.com\/wp-content\/uploads\/2024\/11\/AMG-Mann-0120-300x169.jpg 300w, http:\/\/blog.maquetea.com\/wp-content\/uploads\/2024\/11\/AMG-Mann-0120-768x432.jpg 768w\" sizes=\"(max-width: 850px) 100vw, 850px\" \/><\/a><\/figure>\n\n\n\n<figure class=\"wp-block-image size-large\"><a href=\"http:\/\/blog.maquetea.com\/wp-content\/uploads\/2024\/11\/AMG-Mann-0122.jpg\"><img loading=\"lazy\" decoding=\"async\" width=\"850\" height=\"478\" data-id=\"11324\" src=\"http:\/\/blog.maquetea.com\/wp-content\/uploads\/2024\/11\/AMG-Mann-0122.jpg\" alt=\"\" class=\"wp-image-11324\" srcset=\"http:\/\/blog.maquetea.com\/wp-content\/uploads\/2024\/11\/AMG-Mann-0122.jpg 850w, http:\/\/blog.maquetea.com\/wp-content\/uploads\/2024\/11\/AMG-Mann-0122-300x169.jpg 300w, http:\/\/blog.maquetea.com\/wp-content\/uploads\/2024\/11\/AMG-Mann-0122-768x432.jpg 768w\" sizes=\"(max-width: 850px) 100vw, 850px\" \/><\/a><\/figure>\n\n\n\n<figure class=\"wp-block-image size-large\"><a href=\"http:\/\/blog.maquetea.com\/wp-content\/uploads\/2024\/11\/AMG-Mann-0124.jpg\"><img loading=\"lazy\" decoding=\"async\" width=\"850\" height=\"478\" data-id=\"11326\" src=\"http:\/\/blog.maquetea.com\/wp-content\/uploads\/2024\/11\/AMG-Mann-0124.jpg\" alt=\"\" class=\"wp-image-11326\" srcset=\"http:\/\/blog.maquetea.com\/wp-content\/uploads\/2024\/11\/AMG-Mann-0124.jpg 850w, http:\/\/blog.maquetea.com\/wp-content\/uploads\/2024\/11\/AMG-Mann-0124-300x169.jpg 300w, http:\/\/blog.maquetea.com\/wp-content\/uploads\/2024\/11\/AMG-Mann-0124-768x432.jpg 768w\" sizes=\"(max-width: 850px) 100vw, 850px\" \/><\/a><\/figure>\n\n\n\n<figure class=\"wp-block-image size-large\"><a href=\"http:\/\/blog.maquetea.com\/wp-content\/uploads\/2024\/11\/AMG-Mann-0125.jpg\"><img loading=\"lazy\" decoding=\"async\" width=\"850\" height=\"478\" data-id=\"11327\" src=\"http:\/\/blog.maquetea.com\/wp-content\/uploads\/2024\/11\/AMG-Mann-0125.jpg\" alt=\"\" class=\"wp-image-11327\" srcset=\"http:\/\/blog.maquetea.com\/wp-content\/uploads\/2024\/11\/AMG-Mann-0125.jpg 850w, http:\/\/blog.maquetea.com\/wp-content\/uploads\/2024\/11\/AMG-Mann-0125-300x169.jpg 300w, http:\/\/blog.maquetea.com\/wp-content\/uploads\/2024\/11\/AMG-Mann-0125-768x432.jpg 768w\" sizes=\"(max-width: 850px) 100vw, 850px\" \/><\/a><\/figure>\n<\/figure>\n\n\n\n<p>Tambi\u00e9n a\u00f1adimos parte de la salida de aire del cap\u00f3 delantero:<\/p>\n\n\n\n<p class=\"has-blue-color has-text-color has-link-color wp-elements-63224ecc0a53e9bf410b895b87feffca\">We also added part of the front hood air outlet:<\/p>\n\n\n<div class=\"wp-block-image\">\n<figure class=\"aligncenter\"><a href=\"http:\/\/blog.maquetea.com\/wp-content\/uploads\/2024\/11\/AMG-Mann-0123.jpg\"><img loading=\"lazy\" decoding=\"async\" width=\"850\" height=\"478\" src=\"http:\/\/blog.maquetea.com\/wp-content\/uploads\/2024\/11\/AMG-Mann-0123.jpg\" alt=\"\" class=\"wp-image-11325\" srcset=\"http:\/\/blog.maquetea.com\/wp-content\/uploads\/2024\/11\/AMG-Mann-0123.jpg 850w, http:\/\/blog.maquetea.com\/wp-content\/uploads\/2024\/11\/AMG-Mann-0123-300x169.jpg 300w, http:\/\/blog.maquetea.com\/wp-content\/uploads\/2024\/11\/AMG-Mann-0123-768x432.jpg 768w\" sizes=\"(max-width: 850px) 100vw, 850px\" \/><\/a><\/figure><\/div>\n\n\n<p>A su vez, unimos el arco de seguridad&#8230;.<\/p>\n\n\n\n<p class=\"has-blue-color has-text-color has-link-color wp-elements-dd3fb1e65a0fa6de77e39e7580717631\">In turn, we join the security arch\u2026.<\/p>\n\n\n\n<figure class=\"wp-block-gallery has-nested-images columns-default is-cropped wp-block-gallery-6 is-layout-flex wp-block-gallery-is-layout-flex\">\n<figure class=\"wp-block-image size-large\"><a href=\"http:\/\/blog.maquetea.com\/wp-content\/uploads\/2024\/11\/AMG-Mann-0127.jpg\"><img loading=\"lazy\" decoding=\"async\" width=\"850\" height=\"478\" data-id=\"11329\" src=\"http:\/\/blog.maquetea.com\/wp-content\/uploads\/2024\/11\/AMG-Mann-0127.jpg\" alt=\"\" class=\"wp-image-11329\" srcset=\"http:\/\/blog.maquetea.com\/wp-content\/uploads\/2024\/11\/AMG-Mann-0127.jpg 850w, http:\/\/blog.maquetea.com\/wp-content\/uploads\/2024\/11\/AMG-Mann-0127-300x169.jpg 300w, http:\/\/blog.maquetea.com\/wp-content\/uploads\/2024\/11\/AMG-Mann-0127-768x432.jpg 768w\" sizes=\"(max-width: 850px) 100vw, 850px\" \/><\/a><\/figure>\n\n\n\n<figure class=\"wp-block-image size-large\"><a href=\"http:\/\/blog.maquetea.com\/wp-content\/uploads\/2024\/11\/AMG-Mann-0126.jpg\"><img loading=\"lazy\" decoding=\"async\" width=\"850\" height=\"478\" data-id=\"11328\" src=\"http:\/\/blog.maquetea.com\/wp-content\/uploads\/2024\/11\/AMG-Mann-0126.jpg\" alt=\"\" class=\"wp-image-11328\" srcset=\"http:\/\/blog.maquetea.com\/wp-content\/uploads\/2024\/11\/AMG-Mann-0126.jpg 850w, http:\/\/blog.maquetea.com\/wp-content\/uploads\/2024\/11\/AMG-Mann-0126-300x169.jpg 300w, http:\/\/blog.maquetea.com\/wp-content\/uploads\/2024\/11\/AMG-Mann-0126-768x432.jpg 768w\" sizes=\"(max-width: 850px) 100vw, 850px\" \/><\/a><\/figure>\n<\/figure>\n\n\n\n<p>e imprimamos todas las piezas con Imprimaci\u00f3n AK:<\/p>\n\n\n\n<p class=\"has-blue-color has-text-color has-link-color wp-elements-e9cd174c335a69e55909ecef690312f2\">and prime all the parts with AK Primer:<\/p>\n\n\n\n<figure class=\"wp-block-gallery has-nested-images columns-2 is-cropped wp-block-gallery-7 is-layout-flex wp-block-gallery-is-layout-flex\">\n<figure class=\"wp-block-image size-large\"><a href=\"http:\/\/blog.maquetea.com\/wp-content\/uploads\/2024\/11\/AMG-Mann-0111.jpg\"><img loading=\"lazy\" decoding=\"async\" width=\"850\" height=\"478\" data-id=\"11314\" src=\"http:\/\/blog.maquetea.com\/wp-content\/uploads\/2024\/11\/AMG-Mann-0111.jpg\" alt=\"\" class=\"wp-image-11314\" srcset=\"http:\/\/blog.maquetea.com\/wp-content\/uploads\/2024\/11\/AMG-Mann-0111.jpg 850w, http:\/\/blog.maquetea.com\/wp-content\/uploads\/2024\/11\/AMG-Mann-0111-300x169.jpg 300w, http:\/\/blog.maquetea.com\/wp-content\/uploads\/2024\/11\/AMG-Mann-0111-768x432.jpg 768w\" sizes=\"(max-width: 850px) 100vw, 850px\" \/><\/a><\/figure>\n\n\n\n<figure class=\"wp-block-image size-large\"><a href=\"http:\/\/blog.maquetea.com\/wp-content\/uploads\/2024\/11\/AMG-Mann-0110.jpg\"><img loading=\"lazy\" decoding=\"async\" width=\"850\" height=\"478\" data-id=\"11313\" src=\"http:\/\/blog.maquetea.com\/wp-content\/uploads\/2024\/11\/AMG-Mann-0110.jpg\" alt=\"\" class=\"wp-image-11313\" srcset=\"http:\/\/blog.maquetea.com\/wp-content\/uploads\/2024\/11\/AMG-Mann-0110.jpg 850w, http:\/\/blog.maquetea.com\/wp-content\/uploads\/2024\/11\/AMG-Mann-0110-300x169.jpg 300w, http:\/\/blog.maquetea.com\/wp-content\/uploads\/2024\/11\/AMG-Mann-0110-768x432.jpg 768w\" sizes=\"(max-width: 850px) 100vw, 850px\" \/><\/a><\/figure>\n\n\n\n<figure class=\"wp-block-image size-large\"><a href=\"http:\/\/blog.maquetea.com\/wp-content\/uploads\/2024\/11\/AMG-Mann-0113.jpg\"><img loading=\"lazy\" decoding=\"async\" width=\"850\" height=\"478\" data-id=\"11316\" src=\"http:\/\/blog.maquetea.com\/wp-content\/uploads\/2024\/11\/AMG-Mann-0113.jpg\" alt=\"\" class=\"wp-image-11316\" srcset=\"http:\/\/blog.maquetea.com\/wp-content\/uploads\/2024\/11\/AMG-Mann-0113.jpg 850w, http:\/\/blog.maquetea.com\/wp-content\/uploads\/2024\/11\/AMG-Mann-0113-300x169.jpg 300w, http:\/\/blog.maquetea.com\/wp-content\/uploads\/2024\/11\/AMG-Mann-0113-768x432.jpg 768w\" sizes=\"(max-width: 850px) 100vw, 850px\" \/><\/a><\/figure>\n\n\n\n<figure class=\"wp-block-image size-large\"><a href=\"http:\/\/blog.maquetea.com\/wp-content\/uploads\/2024\/11\/AMG-Mann-0112.jpg\"><img loading=\"lazy\" decoding=\"async\" width=\"850\" height=\"478\" data-id=\"11315\" src=\"http:\/\/blog.maquetea.com\/wp-content\/uploads\/2024\/11\/AMG-Mann-0112.jpg\" alt=\"\" class=\"wp-image-11315\" srcset=\"http:\/\/blog.maquetea.com\/wp-content\/uploads\/2024\/11\/AMG-Mann-0112.jpg 850w, http:\/\/blog.maquetea.com\/wp-content\/uploads\/2024\/11\/AMG-Mann-0112-300x169.jpg 300w, http:\/\/blog.maquetea.com\/wp-content\/uploads\/2024\/11\/AMG-Mann-0112-768x432.jpg 768w\" sizes=\"(max-width: 850px) 100vw, 850px\" \/><\/a><\/figure>\n\n\n\n<figure class=\"wp-block-image size-large\"><a href=\"http:\/\/blog.maquetea.com\/wp-content\/uploads\/2024\/11\/AMG-Mann-0114.jpg\"><img loading=\"lazy\" decoding=\"async\" width=\"850\" height=\"478\" data-id=\"11317\" src=\"http:\/\/blog.maquetea.com\/wp-content\/uploads\/2024\/11\/AMG-Mann-0114.jpg\" alt=\"\" class=\"wp-image-11317\" srcset=\"http:\/\/blog.maquetea.com\/wp-content\/uploads\/2024\/11\/AMG-Mann-0114.jpg 850w, http:\/\/blog.maquetea.com\/wp-content\/uploads\/2024\/11\/AMG-Mann-0114-300x169.jpg 300w, http:\/\/blog.maquetea.com\/wp-content\/uploads\/2024\/11\/AMG-Mann-0114-768x432.jpg 768w\" sizes=\"(max-width: 850px) 100vw, 850px\" \/><\/a><\/figure>\n\n\n\n<figure class=\"wp-block-image size-large\"><a href=\"http:\/\/blog.maquetea.com\/wp-content\/uploads\/2024\/11\/AMG-Mann-0115.jpg\"><img loading=\"lazy\" decoding=\"async\" width=\"850\" height=\"478\" data-id=\"11318\" src=\"http:\/\/blog.maquetea.com\/wp-content\/uploads\/2024\/11\/AMG-Mann-0115.jpg\" alt=\"\" class=\"wp-image-11318\" srcset=\"http:\/\/blog.maquetea.com\/wp-content\/uploads\/2024\/11\/AMG-Mann-0115.jpg 850w, http:\/\/blog.maquetea.com\/wp-content\/uploads\/2024\/11\/AMG-Mann-0115-300x169.jpg 300w, http:\/\/blog.maquetea.com\/wp-content\/uploads\/2024\/11\/AMG-Mann-0115-768x432.jpg 768w\" sizes=\"(max-width: 850px) 100vw, 850px\" \/><\/a><\/figure>\n\n\n\n<figure class=\"wp-block-image size-large\"><a href=\"http:\/\/blog.maquetea.com\/wp-content\/uploads\/2024\/11\/AMG-Mann-0116.jpg\"><img loading=\"lazy\" decoding=\"async\" width=\"850\" height=\"478\" data-id=\"11319\" src=\"http:\/\/blog.maquetea.com\/wp-content\/uploads\/2024\/11\/AMG-Mann-0116.jpg\" alt=\"\" class=\"wp-image-11319\" srcset=\"http:\/\/blog.maquetea.com\/wp-content\/uploads\/2024\/11\/AMG-Mann-0116.jpg 850w, http:\/\/blog.maquetea.com\/wp-content\/uploads\/2024\/11\/AMG-Mann-0116-300x169.jpg 300w, http:\/\/blog.maquetea.com\/wp-content\/uploads\/2024\/11\/AMG-Mann-0116-768x432.jpg 768w\" sizes=\"(max-width: 850px) 100vw, 850px\" \/><\/a><\/figure>\n<\/figure>\n\n\n\n<p>Ahora podemos empezar a pensar en preparar la carrocer\u00eda con masilla para tapar las piezas unidas, e imprimar, e ir pintando las piezas ya imprimadas!! Gracias por pasar y comentar!! <\/p>\n\n\n\n<p class=\"has-blue-color has-text-color has-link-color wp-elements-8995d7775d548a161ea13aeda9cc0d64\">Now we can start thinking about preparing the body with putty to cover the joined pieces, and priming, and painting the already primed pieces!! Thanks for stopping by and commenting!!<\/p>\n","protected":false},"excerpt":{"rendered":"<p>Empiezo otro proyecto para poder acabar algo mientras el M3 se toma su tiempo puesto que hay muchas cosas que hacer, y de vez en cuando, hay que acabar algo!! En este caso es otro AMG GT3 de Mercedes, pero &hellip; <a href=\"http:\/\/blog.maquetea.com\/?p=11342\">Continue reading <span class=\"meta-nav\">&rarr;<\/span><\/a><\/p>\n","protected":false},"author":1,"featured_media":0,"comment_status":"open","ping_status":"open","sticky":false,"template":"","format":"standard","meta":{"footnotes":""},"categories":[356],"tags":[91,252,116,104,178],"_links":{"self":[{"href":"http:\/\/blog.maquetea.com\/index.php?rest_route=\/wp\/v2\/posts\/11342"}],"collection":[{"href":"http:\/\/blog.maquetea.com\/index.php?rest_route=\/wp\/v2\/posts"}],"about":[{"href":"http:\/\/blog.maquetea.com\/index.php?rest_route=\/wp\/v2\/types\/post"}],"author":[{"embeddable":true,"href":"http:\/\/blog.maquetea.com\/index.php?rest_route=\/wp\/v2\/users\/1"}],"replies":[{"embeddable":true,"href":"http:\/\/blog.maquetea.com\/index.php?rest_route=%2Fwp%2Fv2%2Fcomments&post=11342"}],"version-history":[{"count":6,"href":"http:\/\/blog.maquetea.com\/index.php?rest_route=\/wp\/v2\/posts\/11342\/revisions"}],"predecessor-version":[{"id":11351,"href":"http:\/\/blog.maquetea.com\/index.php?rest_route=\/wp\/v2\/posts\/11342\/revisions\/11351"}],"wp:attachment":[{"href":"http:\/\/blog.maquetea.com\/index.php?rest_route=%2Fwp%2Fv2%2Fmedia&parent=11342"}],"wp:term":[{"taxonomy":"category","embeddable":true,"href":"http:\/\/blog.maquetea.com\/index.php?rest_route=%2Fwp%2Fv2%2Fcategories&post=11342"},{"taxonomy":"post_tag","embeddable":true,"href":"http:\/\/blog.maquetea.com\/index.php?rest_route=%2Fwp%2Fv2%2Ftags&post=11342"}],"curies":[{"name":"wp","href":"https:\/\/api.w.org\/{rel}","templated":true}]}}